{"id":3951,"date":"2024-10-21T13:11:57","date_gmt":"2024-10-21T13:11:57","guid":{"rendered":"https:\/\/wasafrica.org\/?p=3951"},"modified":"2024-10-28T13:22:01","modified_gmt":"2024-10-28T13:22:01","slug":"descobrir-o-caldou-branco-o-prato-nacional-da-guine-bissau","status":"publish","type":"post","link":"https:\/\/wasafrica.org\/pt\/descobrir-o-caldou-branco-o-prato-nacional-da-guine-bissau\/","title":{"rendered":"Descubra o Caldou Branco, o prato nacional da Guin\u00e9-Bissau"},"content":{"rendered":"<div data-elementor-type=\"wp-post\" data-elementor-id=\"3951\" class=\"elementor elementor-3951\" data-elementor-post-type=\"post\">\n\t\t\t\t<div class=\"elementor-element elementor-element-af78a73 e-con-full e-flex e-con e-parent\" data-id=\"af78a73\" data-element_type=\"container\" data-e-type=\"container\">\n\t\t<div class=\"elementor-element elementor-element-ec20a90 e-con-full e-flex e-con e-child\" data-id=\"ec20a90\" data-element_type=\"container\" data-e-type=\"container\">\n\t\t\t\t<div class=\"elementor-element elementor-element-aacc43d paragraphe elementor-widget elementor-widget-text-editor\" data-id=\"aacc43d\" data-element_type=\"widget\" data-e-type=\"widget\" data-widget_type=\"text-editor.default\">\n\t\t\t\t<div class=\"elementor-widget-container\">\n\t\t\t\t\t\t\t\t\t<p><strong>Na G\u00e2mbia, mulheres rurais do Senegal, da Guin\u00e9-Bissau e, claro, da G\u00e2mbia juntaram-se sob o lema \"N\u00f3s somos a solu\u00e7\u00e3o\" para assinalar o Dia Mundial da Alimenta\u00e7\u00e3o.<\/strong><\/p><p><strong>Esta foi uma oportunidade para cada delega\u00e7\u00e3o apresentar pratos locais do seu pa\u00eds, todos preparados com alimentos biol\u00f3gicos, de acordo com o slogan do dia: \"Agricultura biol\u00f3gica para uma alimenta\u00e7\u00e3o saud\u00e1vel\".<\/strong><\/p><p><strong>Essouly Di\u00e9dhiou apresenta-nos o Caldou Branco, o prato nacional da Guin\u00e9-Bissau.<\/strong><\/p>\t\t\t\t\t\t\t\t<\/div>\n\t\t\t\t<\/div>\n\t\t\t\t<\/div>\n\t\t\t\t<\/div>\n\t\t<div class=\"elementor-element elementor-element-7fcb77c e-flex e-con-boxed e-con e-parent\" data-id=\"7fcb77c\" data-element_type=\"container\" data-e-type=\"container\">\n\t\t\t\t\t<div class=\"e-con-inner\">\n\t\t\t\t<div class=\"elementor-element elementor-element-fcb0deb elementor-widget elementor-widget-html\" data-id=\"fcb0deb\" data-element_type=\"widget\" data-e-type=\"widget\" data-widget_type=\"html.default\">\n\t\t\t\t<div class=\"elementor-widget-container\">\n\t\t\t\t\t<div style=\"font-family: 'Fira Mono', monospace; font-size: 14px;\">\r\n    <h4 style=\"font-family: 'Fira Mono', monospace; font-size: 14px; margin-bottom: 10px; color: #333;\">Descubra o Caldou Branco, o prato nacional da Guin\u00e9-Bissau\r\n<\/h4>\r\n    <audio controls>\r\n        <source src=\"http:\/\/wasafrica.org\/wp-content\/uploads\/2024\/10\/A-la-decouverte-du-Caldou-Branco_-plat-national-de-la-Guinee-Bissau-WADR.mp3\" type=\"audio\/mpeg\">\r\n        O seu browser n\u00e3o suporta \u00e1udio.\r\n    <\/audio>\r\n<\/div>\r\n\t\t\t\t<\/div>\n\t\t\t\t<\/div>\n\t\t\t\t\t<\/div>\n\t\t\t\t<\/div>\n\t\t\t\t<\/div>","protected":false},"excerpt":{"rendered":"<p>Na G\u00e2mbia, as mulheres rurais do Senegal, da Guin\u00e9-Bissau e, evidentemente, da G\u00e2mbia juntaram-se sob a bandeira do movimento \"N\u00f3s somos a solu\u00e7\u00e3o\", \u00e0 margem da [...].<\/p>","protected":false},"author":1,"featured_media":3952,"comment_status":"open","ping_status":"open","sticky":false,"template":"","format":"standard","meta":{"_monsterinsights_skip_tracking":false,"_monsterinsights_sitenote_active":false,"_monsterinsights_sitenote_note":"","_monsterinsights_sitenote_category":0,"footnotes":""},"categories":[35],"tags":[36],"class_list":["post-3951","post","type-post","status-publish","format-standard","has-post-thumbnail","hentry","category-gastronomie","tag-gastronomie"],"yoast_head":"<!-- This site is optimized with the Yoast SEO Premium plugin v23.7 (Yoast SEO v27.4) - https:\/\/yoast.com\/product\/yoast-seo-premium-wordpress\/ -->\n<title>Agro\u00e9cologie Paysanne Afrique de l\u2019Ouest : Conf\u00e9rence Ouagadougou<\/title>\n<meta name=\"description\" content=\"Les leaders de l\u2019agro\u00e9cologie se sont retrouv\u00e9s \u00e0 Ouagadougou pour \u00e9laborer des strat\u00e9gies communes afin de promouvoir l\u2019agro\u00e9cologie paysanne en Afrique de l\u2019Ouest. Explorez les r\u00e9sultats.\" \/>\n<meta name=\"robots\" content=\"index, follow, max-snippet:-1, max-image-preview:large, max-video-preview:-1\" \/>\n<link rel=\"canonical\" href=\"https:\/\/wadr.org\/fr\/a-la-decouverte-du-caldou-branco-plat-national-de-la-guinee-bissau\/\" \/>\n<meta property=\"og:locale\" content=\"pt_PT\" \/>\n<meta property=\"og:type\" content=\"article\" \/>\n<meta property=\"og:title\" content=\"\u00c0 la d\u00e9couverte du Caldou Branco, plat national de la Guin\u00e9e-Bissau\" \/>\n<meta property=\"og:description\" content=\"Les leaders de l\u2019agro\u00e9cologie se sont retrouv\u00e9s \u00e0 Ouagadougou pour \u00e9laborer des strat\u00e9gies communes afin de promouvoir l\u2019agro\u00e9cologie paysanne en Afrique de l\u2019Ouest. Explorez les r\u00e9sultats.\" \/>\n<meta property=\"og:url\" content=\"https:\/\/wadr.org\/fr\/a-la-decouverte-du-caldou-branco-plat-national-de-la-guinee-bissau\/\" \/>\n<meta property=\"og:site_name\" content=\"Nous Sommes la solution\" \/>\n<meta property=\"article:published_time\" content=\"2024-10-21T13:11:57+00:00\" \/>\n<meta property=\"article:modified_time\" content=\"2024-10-28T13:22:01+00:00\" \/>\n<meta property=\"og:image\" content=\"http:\/\/wasafrica.org\/wp-content\/uploads\/2024\/10\/original_cuisine-senegalaise-poulet-yassa-1024x624-_1_-1.jpg\" \/>\n\t<meta property=\"og:image:width\" content=\"560\" \/>\n\t<meta property=\"og:image:height\" content=\"415\" \/>\n\t<meta property=\"og:image:type\" content=\"image\/jpeg\" \/>\n<meta name=\"author\" content=\"wopallodia92@gmail.com\" \/>\n<meta name=\"twitter:card\" content=\"summary_large_image\" \/>\n<meta name=\"twitter:label1\" content=\"Escrito por\" \/>\n\t<meta name=\"twitter:data1\" content=\"wopallodia92@gmail.com\" \/>\n\t<meta name=\"twitter:label2\" content=\"Tempo estimado de leitura\" \/>\n\t<meta name=\"twitter:data2\" content=\"1 minuto\" \/>\n<script type=\"application\/ld+json\" class=\"yoast-schema-graph\">{\"@context\":\"https:\\\/\\\/schema.org\",\"@graph\":[{\"@type\":\"Article\",\"@id\":\"https:\\\/\\\/wadr.org\\\/fr\\\/a-la-decouverte-du-caldou-branco-plat-national-de-la-guinee-bissau\\\/#article\",\"isPartOf\":{\"@id\":\"https:\\\/\\\/wasafrica.org\\\/pt\\\/descobrir-o-caldou-branco-o-prato-nacional-da-guine-bissau\\\/\"},\"author\":{\"name\":\"wopallodia92@gmail.com\",\"@id\":\"https:\\\/\\\/wasafrica.org\\\/pt\\\/#\\\/schema\\\/person\\\/b5e8ea9eb0d088b850db6c1a26bf84d9\"},\"headline\":\"\u00c0 la d\u00e9couverte du Caldou Branco, plat national de la Guin\u00e9e-Bissau\",\"datePublished\":\"2024-10-21T13:11:57+00:00\",\"dateModified\":\"2024-10-28T13:22:01+00:00\",\"mainEntityOfPage\":{\"@id\":\"https:\\\/\\\/wasafrica.org\\\/pt\\\/descobrir-o-caldou-branco-o-prato-nacional-da-guine-bissau\\\/\"},\"wordCount\":132,\"commentCount\":0,\"publisher\":{\"@id\":\"https:\\\/\\\/wasafrica.org\\\/pt\\\/#organization\"},\"image\":{\"@id\":\"https:\\\/\\\/wadr.org\\\/fr\\\/a-la-decouverte-du-caldou-branco-plat-national-de-la-guinee-bissau\\\/#primaryimage\"},\"thumbnailUrl\":\"https:\\\/\\\/wasafrica.org\\\/wp-content\\\/uploads\\\/2024\\\/10\\\/original_cuisine-senegalaise-poulet-yassa-1024x624-_1_-1.jpg\",\"keywords\":[\"Gastronomie\"],\"articleSection\":[\"Gastronomie\"],\"inLanguage\":\"pt-PT\",\"potentialAction\":[{\"@type\":\"CommentAction\",\"name\":\"Comment\",\"target\":[\"https:\\\/\\\/wadr.org\\\/fr\\\/a-la-decouverte-du-caldou-branco-plat-national-de-la-guinee-bissau\\\/#respond\"]}]},{\"@type\":\"WebPage\",\"@id\":\"https:\\\/\\\/wasafrica.org\\\/pt\\\/descobrir-o-caldou-branco-o-prato-nacional-da-guine-bissau\\\/\",\"url\":\"https:\\\/\\\/wadr.org\\\/fr\\\/a-la-decouverte-du-caldou-branco-plat-national-de-la-guinee-bissau\\\/\",\"name\":\"Agro\u00e9cologie Paysanne Afrique de l\u2019Ouest : Conf\u00e9rence Ouagadougou\",\"isPartOf\":{\"@id\":\"https:\\\/\\\/wasafrica.org\\\/pt\\\/#website\"},\"primaryImageOfPage\":{\"@id\":\"https:\\\/\\\/wadr.org\\\/fr\\\/a-la-decouverte-du-caldou-branco-plat-national-de-la-guinee-bissau\\\/#primaryimage\"},\"image\":{\"@id\":\"https:\\\/\\\/wadr.org\\\/fr\\\/a-la-decouverte-du-caldou-branco-plat-national-de-la-guinee-bissau\\\/#primaryimage\"},\"thumbnailUrl\":\"https:\\\/\\\/wasafrica.org\\\/wp-content\\\/uploads\\\/2024\\\/10\\\/original_cuisine-senegalaise-poulet-yassa-1024x624-_1_-1.jpg\",\"datePublished\":\"2024-10-21T13:11:57+00:00\",\"dateModified\":\"2024-10-28T13:22:01+00:00\",\"description\":\"Les leaders de l\u2019agro\u00e9cologie se sont retrouv\u00e9s \u00e0 Ouagadougou pour \u00e9laborer des strat\u00e9gies communes afin de promouvoir l\u2019agro\u00e9cologie paysanne en Afrique de l\u2019Ouest. Explorez les r\u00e9sultats.\",\"breadcrumb\":{\"@id\":\"https:\\\/\\\/wadr.org\\\/fr\\\/a-la-decouverte-du-caldou-branco-plat-national-de-la-guinee-bissau\\\/#breadcrumb\"},\"inLanguage\":\"pt-PT\",\"potentialAction\":[{\"@type\":\"ReadAction\",\"target\":[\"https:\\\/\\\/wadr.org\\\/fr\\\/a-la-decouverte-du-caldou-branco-plat-national-de-la-guinee-bissau\\\/\"]}]},{\"@type\":\"ImageObject\",\"inLanguage\":\"pt-PT\",\"@id\":\"https:\\\/\\\/wadr.org\\\/fr\\\/a-la-decouverte-du-caldou-branco-plat-national-de-la-guinee-bissau\\\/#primaryimage\",\"url\":\"https:\\\/\\\/wasafrica.org\\\/wp-content\\\/uploads\\\/2024\\\/10\\\/original_cuisine-senegalaise-poulet-yassa-1024x624-_1_-1.jpg\",\"contentUrl\":\"https:\\\/\\\/wasafrica.org\\\/wp-content\\\/uploads\\\/2024\\\/10\\\/original_cuisine-senegalaise-poulet-yassa-1024x624-_1_-1.jpg\",\"width\":560,\"height\":415},{\"@type\":\"BreadcrumbList\",\"@id\":\"https:\\\/\\\/wadr.org\\\/fr\\\/a-la-decouverte-du-caldou-branco-plat-national-de-la-guinee-bissau\\\/#breadcrumb\",\"itemListElement\":[{\"@type\":\"ListItem\",\"position\":1,\"name\":\"Accueil\",\"item\":\"https:\\\/\\\/wasafrica.org\\\/fr\\\/\"},{\"@type\":\"ListItem\",\"position\":2,\"name\":\"\u00c0 la d\u00e9couverte du Caldou Branco, plat national de la Guin\u00e9e-Bissau\"}]},{\"@type\":\"WebSite\",\"@id\":\"https:\\\/\\\/wasafrica.org\\\/pt\\\/#website\",\"url\":\"https:\\\/\\\/wasafrica.org\\\/pt\\\/\",\"name\":\"Nous Sommes la solution\",\"description\":\"Mouvement de femmes rurales africaines pour la souverainet\u00e9 alimentaire\",\"publisher\":{\"@id\":\"https:\\\/\\\/wasafrica.org\\\/pt\\\/#organization\"},\"potentialAction\":[{\"@type\":\"SearchAction\",\"target\":{\"@type\":\"EntryPoint\",\"urlTemplate\":\"https:\\\/\\\/wasafrica.org\\\/pt\\\/?s={search_term_string}\"},\"query-input\":{\"@type\":\"PropertyValueSpecification\",\"valueRequired\":true,\"valueName\":\"search_term_string\"}}],\"inLanguage\":\"pt-PT\"},{\"@type\":\"Organization\",\"@id\":\"https:\\\/\\\/wasafrica.org\\\/pt\\\/#organization\",\"name\":\"Nous Sommes la solution\",\"url\":\"https:\\\/\\\/wasafrica.org\\\/pt\\\/\",\"logo\":{\"@type\":\"ImageObject\",\"inLanguage\":\"pt-PT\",\"@id\":\"https:\\\/\\\/wasafrica.org\\\/pt\\\/#\\\/schema\\\/logo\\\/image\\\/\",\"url\":\"https:\\\/\\\/wasafrica.org\\\/wp-content\\\/uploads\\\/2024\\\/08\\\/cropped-Logo-NSS1-1.jpg\",\"contentUrl\":\"https:\\\/\\\/wasafrica.org\\\/wp-content\\\/uploads\\\/2024\\\/08\\\/cropped-Logo-NSS1-1.jpg\",\"width\":261,\"height\":250,\"caption\":\"Nous Sommes la solution\"},\"image\":{\"@id\":\"https:\\\/\\\/wasafrica.org\\\/pt\\\/#\\\/schema\\\/logo\\\/image\\\/\"}},{\"@type\":\"Person\",\"@id\":\"https:\\\/\\\/wasafrica.org\\\/pt\\\/#\\\/schema\\\/person\\\/b5e8ea9eb0d088b850db6c1a26bf84d9\",\"name\":\"wopallodia92@gmail.com\",\"image\":{\"@type\":\"ImageObject\",\"inLanguage\":\"pt-PT\",\"@id\":\"https:\\\/\\\/secure.gravatar.com\\\/avatar\\\/16ea70b70a9c79f7c246e0a44f0b5ddf0fe775682b12b7f6fbbf90def925daa6?s=96&d=mm&r=g\",\"url\":\"https:\\\/\\\/secure.gravatar.com\\\/avatar\\\/16ea70b70a9c79f7c246e0a44f0b5ddf0fe775682b12b7f6fbbf90def925daa6?s=96&d=mm&r=g\",\"contentUrl\":\"https:\\\/\\\/secure.gravatar.com\\\/avatar\\\/16ea70b70a9c79f7c246e0a44f0b5ddf0fe775682b12b7f6fbbf90def925daa6?s=96&d=mm&r=g\",\"caption\":\"wopallodia92@gmail.com\"},\"sameAs\":[\"https:\\\/\\\/wasafrica.org\"],\"url\":\"https:\\\/\\\/wasafrica.org\\\/pt\\\/author\\\/wopallodia92gmail-com\\\/\"}]}<\/script>\n<!-- \/ Yoast SEO Premium plugin. -->","yoast_head_json":{"title":"Agroecologia na \u00c1frica Ocidental: Confer\u00eancia de Ouagadougou","description":"Os l\u00edderes da agroecologia reuniram-se em Ouagadougou para desenvolver estrat\u00e9gias comuns para promover a agroecologia baseada nos agricultores na \u00c1frica Ocidental. Explore os resultados.","robots":{"index":"index","follow":"follow","max-snippet":"max-snippet:-1","max-image-preview":"max-image-preview:large","max-video-preview":"max-video-preview:-1"},"canonical":"https:\/\/wadr.org\/fr\/a-la-decouverte-du-caldou-branco-plat-national-de-la-guinee-bissau\/","og_locale":"pt_PT","og_type":"article","og_title":"\u00c0 la d\u00e9couverte du Caldou Branco, plat national de la Guin\u00e9e-Bissau","og_description":"Les leaders de l\u2019agro\u00e9cologie se sont retrouv\u00e9s \u00e0 Ouagadougou pour \u00e9laborer des strat\u00e9gies communes afin de promouvoir l\u2019agro\u00e9cologie paysanne en Afrique de l\u2019Ouest. Explorez les r\u00e9sultats.","og_url":"https:\/\/wadr.org\/fr\/a-la-decouverte-du-caldou-branco-plat-national-de-la-guinee-bissau\/","og_site_name":"Nous Sommes la solution","article_published_time":"2024-10-21T13:11:57+00:00","article_modified_time":"2024-10-28T13:22:01+00:00","og_image":[{"width":560,"height":415,"url":"http:\/\/wasafrica.org\/wp-content\/uploads\/2024\/10\/original_cuisine-senegalaise-poulet-yassa-1024x624-_1_-1.jpg","type":"image\/jpeg"}],"author":"wopallodia92@gmail.com","twitter_card":"summary_large_image","twitter_misc":{"Escrito por":"wopallodia92@gmail.com","Tempo estimado de leitura":"1 minuto"},"schema":{"@context":"https:\/\/schema.org","@graph":[{"@type":"Article","@id":"https:\/\/wadr.org\/fr\/a-la-decouverte-du-caldou-branco-plat-national-de-la-guinee-bissau\/#article","isPartOf":{"@id":"https:\/\/wasafrica.org\/pt\/descobrir-o-caldou-branco-o-prato-nacional-da-guine-bissau\/"},"author":{"name":"wopallodia92@gmail.com","@id":"https:\/\/wasafrica.org\/pt\/#\/schema\/person\/b5e8ea9eb0d088b850db6c1a26bf84d9"},"headline":"\u00c0 la d\u00e9couverte du Caldou Branco, plat national de la Guin\u00e9e-Bissau","datePublished":"2024-10-21T13:11:57+00:00","dateModified":"2024-10-28T13:22:01+00:00","mainEntityOfPage":{"@id":"https:\/\/wasafrica.org\/pt\/descobrir-o-caldou-branco-o-prato-nacional-da-guine-bissau\/"},"wordCount":132,"commentCount":0,"publisher":{"@id":"https:\/\/wasafrica.org\/pt\/#organization"},"image":{"@id":"https:\/\/wadr.org\/fr\/a-la-decouverte-du-caldou-branco-plat-national-de-la-guinee-bissau\/#primaryimage"},"thumbnailUrl":"https:\/\/wasafrica.org\/wp-content\/uploads\/2024\/10\/original_cuisine-senegalaise-poulet-yassa-1024x624-_1_-1.jpg","keywords":["Gastronomie"],"articleSection":["Gastronomie"],"inLanguage":"pt-PT","potentialAction":[{"@type":"CommentAction","name":"Comment","target":["https:\/\/wadr.org\/fr\/a-la-decouverte-du-caldou-branco-plat-national-de-la-guinee-bissau\/#respond"]}]},{"@type":"WebPage","@id":"https:\/\/wasafrica.org\/pt\/descobrir-o-caldou-branco-o-prato-nacional-da-guine-bissau\/","url":"https:\/\/wadr.org\/fr\/a-la-decouverte-du-caldou-branco-plat-national-de-la-guinee-bissau\/","name":"Agroecologia na \u00c1frica Ocidental: Confer\u00eancia de Ouagadougou","isPartOf":{"@id":"https:\/\/wasafrica.org\/pt\/#website"},"primaryImageOfPage":{"@id":"https:\/\/wadr.org\/fr\/a-la-decouverte-du-caldou-branco-plat-national-de-la-guinee-bissau\/#primaryimage"},"image":{"@id":"https:\/\/wadr.org\/fr\/a-la-decouverte-du-caldou-branco-plat-national-de-la-guinee-bissau\/#primaryimage"},"thumbnailUrl":"https:\/\/wasafrica.org\/wp-content\/uploads\/2024\/10\/original_cuisine-senegalaise-poulet-yassa-1024x624-_1_-1.jpg","datePublished":"2024-10-21T13:11:57+00:00","dateModified":"2024-10-28T13:22:01+00:00","description":"Os l\u00edderes da agroecologia reuniram-se em Ouagadougou para desenvolver estrat\u00e9gias comuns para promover a agroecologia baseada nos agricultores na \u00c1frica Ocidental. Explore os resultados.","breadcrumb":{"@id":"https:\/\/wadr.org\/fr\/a-la-decouverte-du-caldou-branco-plat-national-de-la-guinee-bissau\/#breadcrumb"},"inLanguage":"pt-PT","potentialAction":[{"@type":"ReadAction","target":["https:\/\/wadr.org\/fr\/a-la-decouverte-du-caldou-branco-plat-national-de-la-guinee-bissau\/"]}]},{"@type":"ImageObject","inLanguage":"pt-PT","@id":"https:\/\/wadr.org\/fr\/a-la-decouverte-du-caldou-branco-plat-national-de-la-guinee-bissau\/#primaryimage","url":"https:\/\/wasafrica.org\/wp-content\/uploads\/2024\/10\/original_cuisine-senegalaise-poulet-yassa-1024x624-_1_-1.jpg","contentUrl":"https:\/\/wasafrica.org\/wp-content\/uploads\/2024\/10\/original_cuisine-senegalaise-poulet-yassa-1024x624-_1_-1.jpg","width":560,"height":415},{"@type":"BreadcrumbList","@id":"https:\/\/wadr.org\/fr\/a-la-decouverte-du-caldou-branco-plat-national-de-la-guinee-bissau\/#breadcrumb","itemListElement":[{"@type":"ListItem","position":1,"name":"Accueil","item":"https:\/\/wasafrica.org\/fr\/"},{"@type":"ListItem","position":2,"name":"\u00c0 la d\u00e9couverte du Caldou Branco, plat national de la Guin\u00e9e-Bissau"}]},{"@type":"WebSite","@id":"https:\/\/wasafrica.org\/pt\/#website","url":"https:\/\/wasafrica.org\/pt\/","name":"N\u00f3s somos a solu\u00e7\u00e3o","description":"Movimento de mulheres rurais africanas para a soberania alimentar em \u00c1frica","publisher":{"@id":"https:\/\/wasafrica.org\/pt\/#organization"},"potentialAction":[{"@type":"SearchAction","target":{"@type":"EntryPoint","urlTemplate":"https:\/\/wasafrica.org\/pt\/?s={search_term_string}"},"query-input":{"@type":"PropertyValueSpecification","valueRequired":true,"valueName":"search_term_string"}}],"inLanguage":"pt-PT"},{"@type":"Organization","@id":"https:\/\/wasafrica.org\/pt\/#organization","name":"N\u00f3s somos a solu\u00e7\u00e3o","url":"https:\/\/wasafrica.org\/pt\/","logo":{"@type":"ImageObject","inLanguage":"pt-PT","@id":"https:\/\/wasafrica.org\/pt\/#\/schema\/logo\/image\/","url":"https:\/\/wasafrica.org\/wp-content\/uploads\/2024\/08\/cropped-Logo-NSS1-1.jpg","contentUrl":"https:\/\/wasafrica.org\/wp-content\/uploads\/2024\/08\/cropped-Logo-NSS1-1.jpg","width":261,"height":250,"caption":"Nous Sommes la solution"},"image":{"@id":"https:\/\/wasafrica.org\/pt\/#\/schema\/logo\/image\/"}},{"@type":"Person","@id":"https:\/\/wasafrica.org\/pt\/#\/schema\/person\/b5e8ea9eb0d088b850db6c1a26bf84d9","name":"wopallodia92@gmail.com","image":{"@type":"ImageObject","inLanguage":"pt-PT","@id":"https:\/\/secure.gravatar.com\/avatar\/16ea70b70a9c79f7c246e0a44f0b5ddf0fe775682b12b7f6fbbf90def925daa6?s=96&d=mm&r=g","url":"https:\/\/secure.gravatar.com\/avatar\/16ea70b70a9c79f7c246e0a44f0b5ddf0fe775682b12b7f6fbbf90def925daa6?s=96&d=mm&r=g","contentUrl":"https:\/\/secure.gravatar.com\/avatar\/16ea70b70a9c79f7c246e0a44f0b5ddf0fe775682b12b7f6fbbf90def925daa6?s=96&d=mm&r=g","caption":"wopallodia92@gmail.com"},"sameAs":["https:\/\/wasafrica.org"],"url":"https:\/\/wasafrica.org\/pt\/author\/wopallodia92gmail-com\/"}]}},"_links":{"self":[{"href":"https:\/\/wasafrica.org\/pt\/wp-json\/wp\/v2\/posts\/3951","targetHints":{"allow":["GET"]}}],"collection":[{"href":"https:\/\/wasafrica.org\/pt\/wp-json\/wp\/v2\/posts"}],"about":[{"href":"https:\/\/wasafrica.org\/pt\/wp-json\/wp\/v2\/types\/post"}],"author":[{"embeddable":true,"href":"https:\/\/wasafrica.org\/pt\/wp-json\/wp\/v2\/users\/1"}],"replies":[{"embeddable":true,"href":"https:\/\/wasafrica.org\/pt\/wp-json\/wp\/v2\/comments?post=3951"}],"version-history":[{"count":4,"href":"https:\/\/wasafrica.org\/pt\/wp-json\/wp\/v2\/posts\/3951\/revisions"}],"predecessor-version":[{"id":3958,"href":"https:\/\/wasafrica.org\/pt\/wp-json\/wp\/v2\/posts\/3951\/revisions\/3958"}],"wp:featuredmedia":[{"embeddable":true,"href":"https:\/\/wasafrica.org\/pt\/wp-json\/wp\/v2\/media\/3952"}],"wp:attachment":[{"href":"https:\/\/wasafrica.org\/pt\/wp-json\/wp\/v2\/media?parent=3951"}],"wp:term":[{"taxonomy":"category","embeddable":true,"href":"https:\/\/wasafrica.org\/pt\/wp-json\/wp\/v2\/categories?post=3951"},{"taxonomy":"post_tag","embeddable":true,"href":"https:\/\/wasafrica.org\/pt\/wp-json\/wp\/v2\/tags?post=3951"}],"curies":[{"name":"wp","href":"https:\/\/api.w.org\/{rel}","templated":true}]}}