{"id":4058,"date":"2024-10-30T15:30:55","date_gmt":"2024-10-30T15:30:55","guid":{"rendered":"https:\/\/wasafrica.org\/?p=4058"},"modified":"2024-11-12T16:20:31","modified_gmt":"2024-11-12T16:20:31","slug":"journee-internationale-de-la-femme-rurale-et-journee-mondiale-de-lalimentationbrles-femmes-rurales-fetent-la-vie-au-fil-de-leau","status":"publish","type":"post","link":"http:\/\/wasafrica.org\/fr\/journee-internationale-de-la-femme-rurale-et-journee-mondiale-de-lalimentation\/","title":{"rendered":"Journee internationale de la femme rurale et journee mondiale de l\u2019alimentation"},"content":{"rendered":"\t\t<div data-elementor-type=\"wp-post\" data-elementor-id=\"4058\" class=\"elementor elementor-4058\" data-elementor-post-type=\"post\">\n\t\t\t\t<div class=\"elementor-element elementor-element-af78a73 e-con-full e-flex e-con e-parent\" data-id=\"af78a73\" data-element_type=\"container\" data-e-type=\"container\">\n\t\t\t\t<div class=\"elementor-element elementor-element-43f82dc elementor-widget elementor-widget-heading\" data-id=\"43f82dc\" data-element_type=\"widget\" data-e-type=\"widget\" data-widget_type=\"heading.default\">\n\t\t\t\t<div class=\"elementor-widget-container\">\n\t\t\t\t\t<h2 class=\"elementor-heading-title elementor-size-default\"> Les femmes rurales f\u00eatent la vie au fil de l\u2019eau<\/h2>\t\t\t\t<\/div>\n\t\t\t\t<\/div>\n\t\t<div class=\"elementor-element elementor-element-ec20a90 e-con-full e-flex e-con e-child\" data-id=\"ec20a90\" data-element_type=\"container\" data-e-type=\"container\">\n\t\t\t\t<div class=\"elementor-element elementor-element-aacc43d paragraphe elementor-widget elementor-widget-text-editor\" data-id=\"aacc43d\" data-element_type=\"widget\" data-e-type=\"widget\" data-widget_type=\"text-editor.default\">\n\t\t\t\t<div class=\"elementor-widget-container\">\n\t\t\t\t\t\t\t\t\t<p>Depuis sa naissance en 2011, le mouvement Pan Africain Nous sommes la solution (NSS) ne faillit pas au rendez-vous. Coch\u00e9es sur son agenda, les dates du 15 (Journ\u00e9e internationale de la femme rurale) et du 16 octobre (Journ\u00e9e mondiale de l\u2019alimentation) constituent des moments f\u00e9tiches pour NSS. Elle n\u2019a donc pas failli aux rendez-vous de 2024, pour sonner la mobilisation que les femmes rurales de La Gambie ont magnifi\u00e9e. Elles n\u2019\u00e9taient pas seules. La comm\u00e9moration est souvent une date internationale pour le mouvement. Arriv\u00e9es avec leurs solutions, les femmes invit\u00e9es par Catalunya Gambia Foundation (CGF) sont venues de Casamance, de Ngaye M\u00e9kh\u00e9 et autres coins du S\u00e9n\u00e9gal. Mais aussi de la Guin\u00e9e Bissau, pour magnifier les r\u00f4les qu\u2019elles jouent dans l\u2019alimentation. Avec pour th\u00e8me, \u00abLe droit aux aliments au service d\u2019une vie et d\u2019un avenir meilleurs\u00bb. Devant elles, les autorit\u00e9s locales repr\u00e9sentant l\u2019Etat gambien.<\/p><p>La c\u00e9l\u00e9bration commune des JIFR et de la JM permet aux membres de NSS d\u2019avoir, chaque ann\u00e9e, une forte communion des acteurs, afin de pouvoir bien plaider leurs causes. La mobilisation a \u00e9t\u00e9 sonn\u00e9e cette ann\u00e9e par Catalunya Gambia Foundation (CGF), la F\u00e9d\u00e9ration paysanne de Guin\u00e9e Bissau (Kafo), l\u2019Association des Jeunes Agriculteurs de la Casamance (AJAC) et l\u2019Union des Groupements de Producteurs de M\u00e9kh\u00e9 (UGPM). R\u00e9unies \u00e0 S\u00e9r\u00e9kunda Tallinding South, elles sonnaient les retrouvailles annuelles, suite \u00e0 celles de Ngaye M\u00e9kh\u00e9 (S\u00e9n\u00e9gal, 2023) o\u00f9 les femmes rurales avaient fait la f\u00eate pour d\u00e9montrer que ce sont elles qui garantissent la s\u00e9curit\u00e9 alimentaire de leur communaut\u00e9, am\u00e9liorent la r\u00e9sistance au changement climatique et renforcent les \u00e9conomies locales.<\/p><p>Pour Mme Mariama Sonko, pr\u00e9sidente de NSS, les changements attendues par le monde rurale sont possible avec les femmes, \u00abcar le savoir et le savoir-faire paysan nous permettent de retrouver notre patrimoine nourricier et notre s\u00e9curit\u00e9 alimentaire tout en pr\u00e9servant l\u2019environnement\u00bb. Sa conviction est assise que la souverainet\u00e9 alimentaire ne viendra pas d\u2019ailleurs que des Africains eux- m\u00eames qui se doivent de \u00abnourrir l\u2019Afrique par le biais de syst\u00e8mes de production paysanne adapt\u00e9e et soucieux de la sant\u00e9 de la population africaine et de son cadre de vie\u00bb. Ses regrets r\u00e9sultent du fait que malgr\u00e9 les plaidoyers les gouvernements n\u2019ont pas encore rompu avec les politiques qui r\u00e9duisent les d\u00e9pendances en intrants agricoles. Et aussi une d\u00e9pendance qui prend en otage le consommateur et le citoyen vis-\u00e0-vis des produis import\u00e9s, notamment de ceux faits sur la base des produits chimiques et des Organismes G\u00e9n\u00e9tiquement Modifi\u00e9s (OGM) qui conduisent pour la plupart \u00e0 l\u2019apparition des \u00abmaladies nouvelles\u00bb.<\/p><p>A chaque \u00e9dition, ces femmes d\u00e9montrent que ce sont elles qui, au-del\u00e0 des in\u00e9galit\u00e9s de genre assises sur les lois et les normes sociales discriminatoires, associ\u00e9es \u00e0 un paysage \u00e9conomique, technologique et environnementale en pleine mutation, se retrouvent emp\u00each\u00e9es de r\u00e9aliser leur plein potentiel. Leur statut de femmes rurales fait qu\u2019elles sont ainsi loin derri\u00e8re les hommes et derri\u00e8re leur paires vivant en milieu urbain. Mais il n\u2019emp\u00eache que l\u2019agriculture qui les motive reste le premier secteur d\u2019emplois pour les femmes dans les pays en d\u00e9veloppement et en zone rurale. Pourtant, le secteur rel\u00e8ve en grande partie de l\u2019\u00e9conomie informelle avec peu ou pas de protection sociale.<\/p><p>Pour cette ann\u00e9e 2024, le th\u00e8me de la JMA, propos\u00e9 par la Fao et c\u00e9l\u00e9br\u00e9 le 16 octobre, a vu les r\u00e9flexions men\u00e9es \u00e0 ce sujet par les femmes rurales du mouvement Nous Sommes la Solution. Elles ont surtout \u00e9t\u00e9 des moments pour montrer combien la faim et la malnutrition sont exacerb\u00e9es par des crises prolong\u00e9es qui r\u00e9sultent d&#8217;une combinaison de conflits, de ph\u00e9nom\u00e8nes m\u00e9t\u00e9orologiques extr\u00eames et de chocs \u00e9conomiques. Ainsi, les syst\u00e8mes agroalimentaires, dans leur ensemble, sont- ils vuln\u00e9rables aux catastrophes et aux crises, en particulier aux effets du changement climatique. Pire, ils g\u00e9n\u00e8rent, en m\u00eame temps, de la pollution, d\u00e9gradent les sols, l&#8217;eau, l&#8217;air, et contribuent aux \u00e9missions de gaz \u00e0 effet de serre et \u00e0 l&#8217;appauvrissement de la biodiversit\u00e9.<\/p><p>En transformant les syst\u00e8mes agroalimentaires, rappelle Mamadou Danfakha, charg\u00e9 du programme NSS \u00e0 Fahamu, \u00abil est possible d&#8217;att\u00e9nuer le changement climatique et de soutenir des moyens de subsistance pacifiques, r\u00e9silients et inclusifs pour tous\u00bb. Et de noter : \u00abLes r\u00e9gimes alimentaires malsains sont la principale cause de toutes les formes de malnutrition (sous-nutrition, carences en micronutriments et ob\u00e9sit\u00e9), qui existent aujourd&#8217;hui dans la plupart des pays, toutes classes socio- \u00e9conomiques confondues.\u00bb Pourtant aujourd&#8217;hui, note encore le coordonnateur de NSS, \u00abtrop de gens souffrent de la faim et ne peuvent pas se permettre des r\u00e9gimes alimentaires sains. Les personnes les plus vuln\u00e9rables sont souvent contraintes de se rabattre sur des aliments de base ou des aliments moins chers qui peuvent \u00eatre mauvais pour la sant\u00e9, tandis que d&#8217;autres souffrent de l&#8217;indisponibilit\u00e9 d&#8217;aliments frais ou vari\u00e9s, ne disposent pas des informations n\u00e9cessaires pour choisir un r\u00e9gime alimentaire sain, ou optent simplement pour la commodit\u00e9\u00bb.<\/p><p>Pendant ces deux journ\u00e9es qui ont fait vibrer Serekunda, les femmes ont r\u00e9fl\u00e9chi sur la diversit\u00e9, la nutrition, les prix abordables, l\u2019accessibilit\u00e9 et la s\u00e9curit\u00e9 alimentaire \u00abpour le bien de tous\u00bb. L\u2019objectif de ces journ\u00e9es \u00e9tait \u00ab\u00a0d\u2019\u00abinformer et de sensibiliser les participants et les autorit\u00e9s locales sur l\u2019apport de la femme rurale dans le d\u00e9veloppement communautaire\u00bb. Il s\u2019agissait d\u2019organiser des panels sur le th\u00e8me \u00able droit aux aliments sains au service d\u2019une vie et d\u2019un avenir meilleurs pour les communaut\u00e9s locales\u00bb et d\u2019organiser des concours culinaires suivis de d\u00e9gustation de mets et plats faits \u00e0 base de produits locaux. Ceci, par-del\u00e0 l\u2019animation culturelle ayant trait \u00e0 la femme rurale et aux th\u00e8mes concernant les\u00a0 JIFR et la JMA. Pour couronner ce rendez-vous de S\u00e9r\u00e9kunda, il y avait une exposition-vente de produits de transformation locaux et une exposition et d\u00e9gustation de produits, de mets\/plats locaux.<\/p><p>Les autorit\u00e9s gambiennes \u00e9taient fortement repr\u00e9sent\u00e9s \u00e0 ces deux jours de mobilisation et de plaidoyer. Notamment M. Mamadou Sabally, conseiller \u00e0 la pr\u00e9sidence, Dr Saikou Sanyang, conseiller technique aupr\u00e8s du minist\u00e8re de l\u2019Agriculture, M. Papia Sanyang de la Direction de l\u2019Agriculture urbaine, M. Kebba Touray, pr\u00e9sident de la commission Agricole de la mairie de Kanifing Municipal Council et M. Kinteh, conseiller technique aupr\u00e8s du minist\u00e8re de la Femme.<\/p>\t\t\t\t\t\t\t\t<\/div>\n\t\t\t\t<\/div>\n\t\t\t\t<div class=\"elementor-element elementor-element-a48866c paragraphe elementor-widget elementor-widget-text-editor\" data-id=\"a48866c\" data-element_type=\"widget\" data-e-type=\"widget\" data-widget_type=\"text-editor.default\">\n\t\t\t\t<div class=\"elementor-widget-container\">\n\t\t\t\t\t\t\t\t\t<p style=\"text-align: right;\"><strong>Tidiane Kass\u00e9 et Mamadou Danfakha<\/strong><\/p>\t\t\t\t\t\t\t\t<\/div>\n\t\t\t\t<\/div>\n\t\t\t\t<\/div>\n\t\t\t\t<\/div>\n\t\t<div class=\"elementor-element elementor-element-7fcb77c e-flex e-con-boxed e-con e-parent\" data-id=\"7fcb77c\" data-element_type=\"container\" data-e-type=\"container\">\n\t\t\t\t\t<div class=\"e-con-inner\">\n\t\t\t\t<div class=\"elementor-element elementor-element-fcb0deb elementor-widget elementor-widget-html\" data-id=\"fcb0deb\" data-element_type=\"widget\" data-e-type=\"widget\" data-widget_type=\"html.default\">\n\t\t\t\t<div class=\"elementor-widget-container\">\n\t\t\t\t\t<div style=\"font-family: 'Fira Mono', monospace; font-size: 14px;\">\r\n    <h4 style=\"font-family: 'Fira Mono', monospace; font-size: 14px; margin-bottom: 10px; color: #333;\">Journ\u00e9e de la femme rurale avec Radio Senegal International (en fran\u00e7ais)\r\n\r\n\r\n\r\n<\/h4>\r\n    <audio controls>\r\n        <source src=http:\/\/wasafrica.org\/wp-content\/uploads\/2024\/10\/INVITE-JOURNEE-RURALE-FR-.mp3>\r\n        Votre navigateur ne supporte pas l'\u00e9l\u00e9ment audio.\r\n    <\/audio>\r\n<\/div>\r\n\t\t\t\t<\/div>\n\t\t\t\t<\/div>\n\t\t\t\t<div class=\"elementor-element elementor-element-c05d483 elementor-widget elementor-widget-html\" data-id=\"c05d483\" data-element_type=\"widget\" data-e-type=\"widget\" data-widget_type=\"html.default\">\n\t\t\t\t<div class=\"elementor-widget-container\">\n\t\t\t\t\t<div style=\"font-family: 'Fira Mono', monospace; font-size: 14px;\">\r\n    <h4 style=\"font-family: 'Fira Mono', monospace; font-size: 14px; margin-bottom: 10px; color: #333;\">Journ\u00e9e de la femme rurale avec Radio Senegal International (en wolof)\r\n\r\n\r\n\r\n<\/h4>\r\n    <audio controls>\r\n        <source src=http:\/\/wasafrica.org\/wp-content\/uploads\/2024\/10\/INVITE-JOURNEE-RURALE-WOLOF.mp3>\r\n        Votre navigateur ne supporte pas l'\u00e9l\u00e9ment audio.\r\n    <\/audio>\r\n<\/div>\r\n\t\t\t\t<\/div>\n\t\t\t\t<\/div>\n\t\t\t\t<div class=\"elementor-element elementor-element-df18947 elementor-widget elementor-widget-html\" data-id=\"df18947\" data-element_type=\"widget\" data-e-type=\"widget\" data-widget_type=\"html.default\">\n\t\t\t\t<div class=\"elementor-widget-container\">\n\t\t\t\t\t<div style=\"font-family: 'Fira Mono', monospace; font-size: 14px;\">\r\n    <h4 style=\"font-family: 'Fira Mono', monospace; font-size: 14px; margin-bottom: 10px; color: #333;\">Journ\u00e9e de la femme rurale avec Radio Senegal International - portrait de la presidente de NSS (en fran\u00e7ais)\r\n\r\n\r\n\r\n<\/h4>\r\n    <audio controls>\r\n        <source src=http:\/\/wasafrica.org\/wp-content\/uploads\/2024\/10\/FEMME-RURALE-FR-.mp3>\r\n        Votre navigateur ne supporte pas l'\u00e9l\u00e9ment audio.\r\n    <\/audio>\r\n<\/div>\r\n\t\t\t\t<\/div>\n\t\t\t\t<\/div>\n\t\t\t\t<div class=\"elementor-element elementor-element-d0f4ebd elementor-widget elementor-widget-html\" data-id=\"d0f4ebd\" data-element_type=\"widget\" data-e-type=\"widget\" data-widget_type=\"html.default\">\n\t\t\t\t<div class=\"elementor-widget-container\">\n\t\t\t\t\t<div style=\"font-family: 'Fira Mono', monospace; font-size: 14px;\">\r\n    <h4 style=\"font-family: 'Fira Mono', monospace; font-size: 14px; margin-bottom: 10px; color: #333;\">Journ\u00e9e de la femme rurale avec Radio Senegal International - portrait de la presidente de NSS (en wolof)\r\n\r\n\r\n\r\n<\/h4>\r\n    <audio controls>\r\n        <source src=http:\/\/wasafrica.org\/wp-content\/uploads\/2024\/10\/FEMME-RURALE-WOLOF.mp3>\r\n        Votre navigateur ne supporte pas l'\u00e9l\u00e9ment audio.\r\n    <\/audio>\r\n<\/div>\r\n\t\t\t\t<\/div>\n\t\t\t\t<\/div>\n\t\t\t\t<div class=\"elementor-element elementor-element-7a4c447 elementor-widget elementor-widget-image\" data-id=\"7a4c447\" data-element_type=\"widget\" data-e-type=\"widget\" data-widget_type=\"image.default\">\n\t\t\t\t<div class=\"elementor-widget-container\">\n\t\t\t\t\t\t\t\t\t\t\t\t\t\t\t<img decoding=\"async\" src=\"http:\/\/wasafrica.org\/wp-content\/uploads\/2024\/10\/Portrait-Mariama-Sonko_-une-figure-de-la-femme-rurale-en-Afrique-de-lOuest-WADR.mp3\" title=\"\" alt=\"\" loading=\"lazy\" \/>\t\t\t\t\t\t\t\t\t\t\t\t\t\t\t<\/div>\n\t\t\t\t<\/div>\n\t\t\t\t\t<\/div>\n\t\t\t\t<\/div>\n\t\t\t\t<\/div>\n\t\t","protected":false},"excerpt":{"rendered":"<p>Les femmes rurales f\u00eatent la vie au fil de l\u2019eau Depuis sa naissance en 2011, le mouvement Pan Africain Nous sommes la solution (NSS) ne faillit pas au rendez-vous. Coch\u00e9es [&hellip;]<\/p>\n","protected":false},"author":1,"featured_media":4087,"comment_status":"open","ping_status":"open","sticky":false,"template":"","format":"standard","meta":{"_monsterinsights_skip_tracking":false,"_monsterinsights_sitenote_active":false,"_monsterinsights_sitenote_note":"","_monsterinsights_sitenote_category":0,"footnotes":""},"categories":[37],"tags":[38],"class_list":["post-4058","post","type-post","status-publish","format-standard","has-post-thumbnail","hentry","category-agriculture-durable","tag-agriculture-durable"],"yoast_head":"<!-- This site is optimized with the Yoast SEO Premium plugin v23.7 (Yoast SEO v27.4) - https:\/\/yoast.com\/product\/yoast-seo-premium-wordpress\/ -->\n<title>Agro\u00e9cologie Paysanne Afrique de l\u2019Ouest : Conf\u00e9rence Ouagadougou<\/title>\n<meta name=\"description\" content=\"Les leaders de l\u2019agro\u00e9cologie se sont retrouv\u00e9s \u00e0 Ouagadougou pour \u00e9laborer des strat\u00e9gies communes afin de promouvoir l\u2019agro\u00e9cologie paysanne en Afrique de l\u2019Ouest. Explorez les r\u00e9sultats.\" \/>\n<meta name=\"robots\" content=\"index, follow, max-snippet:-1, max-image-preview:large, max-video-preview:-1\" \/>\n<link rel=\"canonical\" href=\"https:\/\/wadr.org\/fr\/portrait-mariama-sonko-une-figure-de-la-femme-rurale-en-afrique-de-louest\/\" \/>\n<meta property=\"og:locale\" content=\"fr_FR\" \/>\n<meta property=\"og:type\" content=\"article\" \/>\n<meta property=\"og:title\" content=\"Journee internationale de la femme rurale et journee mondiale de l\u2019alimentation\" \/>\n<meta property=\"og:description\" content=\"Les leaders de l\u2019agro\u00e9cologie se sont retrouv\u00e9s \u00e0 Ouagadougou pour \u00e9laborer des strat\u00e9gies communes afin de promouvoir l\u2019agro\u00e9cologie paysanne en Afrique de l\u2019Ouest. Explorez les r\u00e9sultats.\" \/>\n<meta property=\"og:url\" content=\"https:\/\/wadr.org\/fr\/portrait-mariama-sonko-une-figure-de-la-femme-rurale-en-afrique-de-louest\/\" \/>\n<meta property=\"og:site_name\" content=\"Nous Sommes la solution\" \/>\n<meta property=\"article:published_time\" content=\"2024-10-30T15:30:55+00:00\" \/>\n<meta property=\"article:modified_time\" content=\"2024-11-12T16:20:31+00:00\" \/>\n<meta property=\"og:image\" content=\"http:\/\/wasafrica.org\/wp-content\/uploads\/2024\/10\/JOURNEE-INTERNATIONALE-DE-LA-FEMME-RURALE-ET-DE-LALIMENTATION-2.jpeg\" \/>\n\t<meta property=\"og:image:width\" content=\"1080\" \/>\n\t<meta property=\"og:image:height\" content=\"810\" \/>\n\t<meta property=\"og:image:type\" content=\"image\/jpeg\" \/>\n<meta name=\"author\" content=\"wopallodia92@gmail.com\" \/>\n<meta name=\"twitter:card\" content=\"summary_large_image\" \/>\n<meta name=\"twitter:label1\" content=\"\u00c9crit par\" \/>\n\t<meta name=\"twitter:data1\" content=\"wopallodia92@gmail.com\" \/>\n\t<meta name=\"twitter:label2\" content=\"Dur\u00e9e de lecture estim\u00e9e\" \/>\n\t<meta name=\"twitter:data2\" content=\"7 minutes\" \/>\n<script type=\"application\/ld+json\" class=\"yoast-schema-graph\">{\"@context\":\"https:\\\/\\\/schema.org\",\"@graph\":[{\"@type\":\"Article\",\"@id\":\"https:\\\/\\\/wadr.org\\\/fr\\\/portrait-mariama-sonko-une-figure-de-la-femme-rurale-en-afrique-de-louest\\\/#article\",\"isPartOf\":{\"@id\":\"http:\\\/\\\/wasafrica.org\\\/fr\\\/journee-internationale-de-la-femme-rurale-et-journee-mondiale-de-lalimentation\\\/\"},\"author\":{\"name\":\"wopallodia92@gmail.com\",\"@id\":\"https:\\\/\\\/wasafrica.org\\\/fr\\\/#\\\/schema\\\/person\\\/b5e8ea9eb0d088b850db6c1a26bf84d9\"},\"headline\":\"Journee internationale de la femme rurale et journee mondiale de l\u2019alimentation\",\"datePublished\":\"2024-10-30T15:30:55+00:00\",\"dateModified\":\"2024-11-12T16:20:31+00:00\",\"mainEntityOfPage\":{\"@id\":\"http:\\\/\\\/wasafrica.org\\\/fr\\\/journee-internationale-de-la-femme-rurale-et-journee-mondiale-de-lalimentation\\\/\"},\"wordCount\":1278,\"commentCount\":0,\"publisher\":{\"@id\":\"https:\\\/\\\/wasafrica.org\\\/fr\\\/#organization\"},\"image\":{\"@id\":\"https:\\\/\\\/wadr.org\\\/fr\\\/portrait-mariama-sonko-une-figure-de-la-femme-rurale-en-afrique-de-louest\\\/#primaryimage\"},\"thumbnailUrl\":\"https:\\\/\\\/wasafrica.org\\\/wp-content\\\/uploads\\\/2024\\\/10\\\/JOURNEE-INTERNATIONALE-DE-LA-FEMME-RURALE-ET-DE-LALIMENTATION-2.jpeg\",\"keywords\":[\"Agriculture durable\"],\"articleSection\":[\"Agriculture durable\"],\"inLanguage\":\"fr-FR\",\"potentialAction\":[{\"@type\":\"CommentAction\",\"name\":\"Comment\",\"target\":[\"https:\\\/\\\/wadr.org\\\/fr\\\/portrait-mariama-sonko-une-figure-de-la-femme-rurale-en-afrique-de-louest\\\/#respond\"]}]},{\"@type\":\"WebPage\",\"@id\":\"http:\\\/\\\/wasafrica.org\\\/fr\\\/journee-internationale-de-la-femme-rurale-et-journee-mondiale-de-lalimentation\\\/\",\"url\":\"https:\\\/\\\/wadr.org\\\/fr\\\/portrait-mariama-sonko-une-figure-de-la-femme-rurale-en-afrique-de-louest\\\/\",\"name\":\"Agro\u00e9cologie Paysanne Afrique de l\u2019Ouest : Conf\u00e9rence Ouagadougou\",\"isPartOf\":{\"@id\":\"https:\\\/\\\/wasafrica.org\\\/fr\\\/#website\"},\"primaryImageOfPage\":{\"@id\":\"https:\\\/\\\/wadr.org\\\/fr\\\/portrait-mariama-sonko-une-figure-de-la-femme-rurale-en-afrique-de-louest\\\/#primaryimage\"},\"image\":{\"@id\":\"https:\\\/\\\/wadr.org\\\/fr\\\/portrait-mariama-sonko-une-figure-de-la-femme-rurale-en-afrique-de-louest\\\/#primaryimage\"},\"thumbnailUrl\":\"https:\\\/\\\/wasafrica.org\\\/wp-content\\\/uploads\\\/2024\\\/10\\\/JOURNEE-INTERNATIONALE-DE-LA-FEMME-RURALE-ET-DE-LALIMENTATION-2.jpeg\",\"datePublished\":\"2024-10-30T15:30:55+00:00\",\"dateModified\":\"2024-11-12T16:20:31+00:00\",\"description\":\"Les leaders de l\u2019agro\u00e9cologie se sont retrouv\u00e9s \u00e0 Ouagadougou pour \u00e9laborer des strat\u00e9gies communes afin de promouvoir l\u2019agro\u00e9cologie paysanne en Afrique de l\u2019Ouest. Explorez les r\u00e9sultats.\",\"breadcrumb\":{\"@id\":\"https:\\\/\\\/wadr.org\\\/fr\\\/portrait-mariama-sonko-une-figure-de-la-femme-rurale-en-afrique-de-louest\\\/#breadcrumb\"},\"inLanguage\":\"fr-FR\",\"potentialAction\":[{\"@type\":\"ReadAction\",\"target\":[\"https:\\\/\\\/wadr.org\\\/fr\\\/portrait-mariama-sonko-une-figure-de-la-femme-rurale-en-afrique-de-louest\\\/\"]}]},{\"@type\":\"ImageObject\",\"inLanguage\":\"fr-FR\",\"@id\":\"https:\\\/\\\/wadr.org\\\/fr\\\/portrait-mariama-sonko-une-figure-de-la-femme-rurale-en-afrique-de-louest\\\/#primaryimage\",\"url\":\"https:\\\/\\\/wasafrica.org\\\/wp-content\\\/uploads\\\/2024\\\/10\\\/JOURNEE-INTERNATIONALE-DE-LA-FEMME-RURALE-ET-DE-LALIMENTATION-2.jpeg\",\"contentUrl\":\"https:\\\/\\\/wasafrica.org\\\/wp-content\\\/uploads\\\/2024\\\/10\\\/JOURNEE-INTERNATIONALE-DE-LA-FEMME-RURALE-ET-DE-LALIMENTATION-2.jpeg\",\"width\":1080,\"height\":810},{\"@type\":\"BreadcrumbList\",\"@id\":\"https:\\\/\\\/wadr.org\\\/fr\\\/portrait-mariama-sonko-une-figure-de-la-femme-rurale-en-afrique-de-louest\\\/#breadcrumb\",\"itemListElement\":[{\"@type\":\"ListItem\",\"position\":1,\"name\":\"Accueil\",\"item\":\"https:\\\/\\\/wasafrica.org\\\/fr\\\/\"},{\"@type\":\"ListItem\",\"position\":2,\"name\":\"Journee internationale de la femme rurale et journee mondiale de l\u2019alimentation\"}]},{\"@type\":\"WebSite\",\"@id\":\"https:\\\/\\\/wasafrica.org\\\/fr\\\/#website\",\"url\":\"https:\\\/\\\/wasafrica.org\\\/fr\\\/\",\"name\":\"Nous Sommes la solution\",\"description\":\"Mouvement de femmes rurales africaines pour la souverainet\u00e9 alimentaire\",\"publisher\":{\"@id\":\"https:\\\/\\\/wasafrica.org\\\/fr\\\/#organization\"},\"potentialAction\":[{\"@type\":\"SearchAction\",\"target\":{\"@type\":\"EntryPoint\",\"urlTemplate\":\"https:\\\/\\\/wasafrica.org\\\/fr\\\/?s={search_term_string}\"},\"query-input\":{\"@type\":\"PropertyValueSpecification\",\"valueRequired\":true,\"valueName\":\"search_term_string\"}}],\"inLanguage\":\"fr-FR\"},{\"@type\":\"Organization\",\"@id\":\"https:\\\/\\\/wasafrica.org\\\/fr\\\/#organization\",\"name\":\"Nous Sommes la solution\",\"url\":\"https:\\\/\\\/wasafrica.org\\\/fr\\\/\",\"logo\":{\"@type\":\"ImageObject\",\"inLanguage\":\"fr-FR\",\"@id\":\"https:\\\/\\\/wasafrica.org\\\/fr\\\/#\\\/schema\\\/logo\\\/image\\\/\",\"url\":\"https:\\\/\\\/wasafrica.org\\\/wp-content\\\/uploads\\\/2024\\\/08\\\/cropped-Logo-NSS1-1.jpg\",\"contentUrl\":\"https:\\\/\\\/wasafrica.org\\\/wp-content\\\/uploads\\\/2024\\\/08\\\/cropped-Logo-NSS1-1.jpg\",\"width\":261,\"height\":250,\"caption\":\"Nous Sommes la solution\"},\"image\":{\"@id\":\"https:\\\/\\\/wasafrica.org\\\/fr\\\/#\\\/schema\\\/logo\\\/image\\\/\"}},{\"@type\":\"Person\",\"@id\":\"https:\\\/\\\/wasafrica.org\\\/fr\\\/#\\\/schema\\\/person\\\/b5e8ea9eb0d088b850db6c1a26bf84d9\",\"name\":\"wopallodia92@gmail.com\",\"image\":{\"@type\":\"ImageObject\",\"inLanguage\":\"fr-FR\",\"@id\":\"https:\\\/\\\/secure.gravatar.com\\\/avatar\\\/16ea70b70a9c79f7c246e0a44f0b5ddf0fe775682b12b7f6fbbf90def925daa6?s=96&d=mm&r=g\",\"url\":\"https:\\\/\\\/secure.gravatar.com\\\/avatar\\\/16ea70b70a9c79f7c246e0a44f0b5ddf0fe775682b12b7f6fbbf90def925daa6?s=96&d=mm&r=g\",\"contentUrl\":\"https:\\\/\\\/secure.gravatar.com\\\/avatar\\\/16ea70b70a9c79f7c246e0a44f0b5ddf0fe775682b12b7f6fbbf90def925daa6?s=96&d=mm&r=g\",\"caption\":\"wopallodia92@gmail.com\"},\"sameAs\":[\"https:\\\/\\\/wasafrica.org\"],\"url\":\"https:\\\/\\\/wasafrica.org\\\/fr\\\/author\\\/wopallodia92gmail-com\\\/\"}]}<\/script>\n<!-- \/ Yoast SEO Premium plugin. -->","yoast_head_json":{"title":"Agro\u00e9cologie Paysanne Afrique de l\u2019Ouest : Conf\u00e9rence Ouagadougou","description":"Les leaders de l\u2019agro\u00e9cologie se sont retrouv\u00e9s \u00e0 Ouagadougou pour \u00e9laborer des strat\u00e9gies communes afin de promouvoir l\u2019agro\u00e9cologie paysanne en Afrique de l\u2019Ouest. Explorez les r\u00e9sultats.","robots":{"index":"index","follow":"follow","max-snippet":"max-snippet:-1","max-image-preview":"max-image-preview:large","max-video-preview":"max-video-preview:-1"},"canonical":"https:\/\/wadr.org\/fr\/portrait-mariama-sonko-une-figure-de-la-femme-rurale-en-afrique-de-louest\/","og_locale":"fr_FR","og_type":"article","og_title":"Journee internationale de la femme rurale et journee mondiale de l\u2019alimentation","og_description":"Les leaders de l\u2019agro\u00e9cologie se sont retrouv\u00e9s \u00e0 Ouagadougou pour \u00e9laborer des strat\u00e9gies communes afin de promouvoir l\u2019agro\u00e9cologie paysanne en Afrique de l\u2019Ouest. Explorez les r\u00e9sultats.","og_url":"https:\/\/wadr.org\/fr\/portrait-mariama-sonko-une-figure-de-la-femme-rurale-en-afrique-de-louest\/","og_site_name":"Nous Sommes la solution","article_published_time":"2024-10-30T15:30:55+00:00","article_modified_time":"2024-11-12T16:20:31+00:00","og_image":[{"width":1080,"height":810,"url":"http:\/\/wasafrica.org\/wp-content\/uploads\/2024\/10\/JOURNEE-INTERNATIONALE-DE-LA-FEMME-RURALE-ET-DE-LALIMENTATION-2.jpeg","type":"image\/jpeg"}],"author":"wopallodia92@gmail.com","twitter_card":"summary_large_image","twitter_misc":{"\u00c9crit par":"wopallodia92@gmail.com","Dur\u00e9e de lecture estim\u00e9e":"7 minutes"},"schema":{"@context":"https:\/\/schema.org","@graph":[{"@type":"Article","@id":"https:\/\/wadr.org\/fr\/portrait-mariama-sonko-une-figure-de-la-femme-rurale-en-afrique-de-louest\/#article","isPartOf":{"@id":"http:\/\/wasafrica.org\/fr\/journee-internationale-de-la-femme-rurale-et-journee-mondiale-de-lalimentation\/"},"author":{"name":"wopallodia92@gmail.com","@id":"https:\/\/wasafrica.org\/fr\/#\/schema\/person\/b5e8ea9eb0d088b850db6c1a26bf84d9"},"headline":"Journee internationale de la femme rurale et journee mondiale de l\u2019alimentation","datePublished":"2024-10-30T15:30:55+00:00","dateModified":"2024-11-12T16:20:31+00:00","mainEntityOfPage":{"@id":"http:\/\/wasafrica.org\/fr\/journee-internationale-de-la-femme-rurale-et-journee-mondiale-de-lalimentation\/"},"wordCount":1278,"commentCount":0,"publisher":{"@id":"https:\/\/wasafrica.org\/fr\/#organization"},"image":{"@id":"https:\/\/wadr.org\/fr\/portrait-mariama-sonko-une-figure-de-la-femme-rurale-en-afrique-de-louest\/#primaryimage"},"thumbnailUrl":"https:\/\/wasafrica.org\/wp-content\/uploads\/2024\/10\/JOURNEE-INTERNATIONALE-DE-LA-FEMME-RURALE-ET-DE-LALIMENTATION-2.jpeg","keywords":["Agriculture durable"],"articleSection":["Agriculture durable"],"inLanguage":"fr-FR","potentialAction":[{"@type":"CommentAction","name":"Comment","target":["https:\/\/wadr.org\/fr\/portrait-mariama-sonko-une-figure-de-la-femme-rurale-en-afrique-de-louest\/#respond"]}]},{"@type":"WebPage","@id":"http:\/\/wasafrica.org\/fr\/journee-internationale-de-la-femme-rurale-et-journee-mondiale-de-lalimentation\/","url":"https:\/\/wadr.org\/fr\/portrait-mariama-sonko-une-figure-de-la-femme-rurale-en-afrique-de-louest\/","name":"Agro\u00e9cologie Paysanne Afrique de l\u2019Ouest : Conf\u00e9rence Ouagadougou","isPartOf":{"@id":"https:\/\/wasafrica.org\/fr\/#website"},"primaryImageOfPage":{"@id":"https:\/\/wadr.org\/fr\/portrait-mariama-sonko-une-figure-de-la-femme-rurale-en-afrique-de-louest\/#primaryimage"},"image":{"@id":"https:\/\/wadr.org\/fr\/portrait-mariama-sonko-une-figure-de-la-femme-rurale-en-afrique-de-louest\/#primaryimage"},"thumbnailUrl":"https:\/\/wasafrica.org\/wp-content\/uploads\/2024\/10\/JOURNEE-INTERNATIONALE-DE-LA-FEMME-RURALE-ET-DE-LALIMENTATION-2.jpeg","datePublished":"2024-10-30T15:30:55+00:00","dateModified":"2024-11-12T16:20:31+00:00","description":"Les leaders de l\u2019agro\u00e9cologie se sont retrouv\u00e9s \u00e0 Ouagadougou pour \u00e9laborer des strat\u00e9gies communes afin de promouvoir l\u2019agro\u00e9cologie paysanne en Afrique de l\u2019Ouest. Explorez les r\u00e9sultats.","breadcrumb":{"@id":"https:\/\/wadr.org\/fr\/portrait-mariama-sonko-une-figure-de-la-femme-rurale-en-afrique-de-louest\/#breadcrumb"},"inLanguage":"fr-FR","potentialAction":[{"@type":"ReadAction","target":["https:\/\/wadr.org\/fr\/portrait-mariama-sonko-une-figure-de-la-femme-rurale-en-afrique-de-louest\/"]}]},{"@type":"ImageObject","inLanguage":"fr-FR","@id":"https:\/\/wadr.org\/fr\/portrait-mariama-sonko-une-figure-de-la-femme-rurale-en-afrique-de-louest\/#primaryimage","url":"https:\/\/wasafrica.org\/wp-content\/uploads\/2024\/10\/JOURNEE-INTERNATIONALE-DE-LA-FEMME-RURALE-ET-DE-LALIMENTATION-2.jpeg","contentUrl":"https:\/\/wasafrica.org\/wp-content\/uploads\/2024\/10\/JOURNEE-INTERNATIONALE-DE-LA-FEMME-RURALE-ET-DE-LALIMENTATION-2.jpeg","width":1080,"height":810},{"@type":"BreadcrumbList","@id":"https:\/\/wadr.org\/fr\/portrait-mariama-sonko-une-figure-de-la-femme-rurale-en-afrique-de-louest\/#breadcrumb","itemListElement":[{"@type":"ListItem","position":1,"name":"Accueil","item":"https:\/\/wasafrica.org\/fr\/"},{"@type":"ListItem","position":2,"name":"Journee internationale de la femme rurale et journee mondiale de l\u2019alimentation"}]},{"@type":"WebSite","@id":"https:\/\/wasafrica.org\/fr\/#website","url":"https:\/\/wasafrica.org\/fr\/","name":"Nous Sommes la solution","description":"Mouvement de femmes rurales africaines pour la souverainet\u00e9 alimentaire","publisher":{"@id":"https:\/\/wasafrica.org\/fr\/#organization"},"potentialAction":[{"@type":"SearchAction","target":{"@type":"EntryPoint","urlTemplate":"https:\/\/wasafrica.org\/fr\/?s={search_term_string}"},"query-input":{"@type":"PropertyValueSpecification","valueRequired":true,"valueName":"search_term_string"}}],"inLanguage":"fr-FR"},{"@type":"Organization","@id":"https:\/\/wasafrica.org\/fr\/#organization","name":"Nous Sommes la solution","url":"https:\/\/wasafrica.org\/fr\/","logo":{"@type":"ImageObject","inLanguage":"fr-FR","@id":"https:\/\/wasafrica.org\/fr\/#\/schema\/logo\/image\/","url":"https:\/\/wasafrica.org\/wp-content\/uploads\/2024\/08\/cropped-Logo-NSS1-1.jpg","contentUrl":"https:\/\/wasafrica.org\/wp-content\/uploads\/2024\/08\/cropped-Logo-NSS1-1.jpg","width":261,"height":250,"caption":"Nous Sommes la solution"},"image":{"@id":"https:\/\/wasafrica.org\/fr\/#\/schema\/logo\/image\/"}},{"@type":"Person","@id":"https:\/\/wasafrica.org\/fr\/#\/schema\/person\/b5e8ea9eb0d088b850db6c1a26bf84d9","name":"wopallodia92@gmail.com","image":{"@type":"ImageObject","inLanguage":"fr-FR","@id":"https:\/\/secure.gravatar.com\/avatar\/16ea70b70a9c79f7c246e0a44f0b5ddf0fe775682b12b7f6fbbf90def925daa6?s=96&d=mm&r=g","url":"https:\/\/secure.gravatar.com\/avatar\/16ea70b70a9c79f7c246e0a44f0b5ddf0fe775682b12b7f6fbbf90def925daa6?s=96&d=mm&r=g","contentUrl":"https:\/\/secure.gravatar.com\/avatar\/16ea70b70a9c79f7c246e0a44f0b5ddf0fe775682b12b7f6fbbf90def925daa6?s=96&d=mm&r=g","caption":"wopallodia92@gmail.com"},"sameAs":["https:\/\/wasafrica.org"],"url":"https:\/\/wasafrica.org\/fr\/author\/wopallodia92gmail-com\/"}]}},"_links":{"self":[{"href":"https:\/\/wasafrica.org\/fr\/wp-json\/wp\/v2\/posts\/4058","targetHints":{"allow":["GET"]}}],"collection":[{"href":"https:\/\/wasafrica.org\/fr\/wp-json\/wp\/v2\/posts"}],"about":[{"href":"https:\/\/wasafrica.org\/fr\/wp-json\/wp\/v2\/types\/post"}],"author":[{"embeddable":true,"href":"https:\/\/wasafrica.org\/fr\/wp-json\/wp\/v2\/users\/1"}],"replies":[{"embeddable":true,"href":"https:\/\/wasafrica.org\/fr\/wp-json\/wp\/v2\/comments?post=4058"}],"version-history":[{"count":60,"href":"https:\/\/wasafrica.org\/fr\/wp-json\/wp\/v2\/posts\/4058\/revisions"}],"predecessor-version":[{"id":4271,"href":"https:\/\/wasafrica.org\/fr\/wp-json\/wp\/v2\/posts\/4058\/revisions\/4271"}],"wp:featuredmedia":[{"embeddable":true,"href":"https:\/\/wasafrica.org\/fr\/wp-json\/wp\/v2\/media\/4087"}],"wp:attachment":[{"href":"https:\/\/wasafrica.org\/fr\/wp-json\/wp\/v2\/media?parent=4058"}],"wp:term":[{"taxonomy":"category","embeddable":true,"href":"https:\/\/wasafrica.org\/fr\/wp-json\/wp\/v2\/categories?post=4058"},{"taxonomy":"post_tag","embeddable":true,"href":"https:\/\/wasafrica.org\/fr\/wp-json\/wp\/v2\/tags?post=4058"}],"curies":[{"name":"wp","href":"https:\/\/api.w.org\/{rel}","templated":true}]}}