{"id":4058,"date":"2024-10-30T15:30:55","date_gmt":"2024-10-30T15:30:55","guid":{"rendered":"https:\/\/wasafrica.org\/?p=4058"},"modified":"2024-11-12T16:20:31","modified_gmt":"2024-11-12T16:20:31","slug":"international-rural-womens-day-and-world-food-dayrural-women-celebrate-life-at-the-rivers-edge","status":"publish","type":"post","link":"http:\/\/wasafrica.org\/en\/international-rural-womens-day-and-world-food-day\/","title":{"rendered":"International Rural Women's Day and World Food Day"},"content":{"rendered":"<div data-elementor-type=\"wp-post\" data-elementor-id=\"4058\" class=\"elementor elementor-4058\" data-elementor-post-type=\"post\">\n\t\t\t\t<div class=\"elementor-element elementor-element-af78a73 e-con-full e-flex e-con e-parent\" data-id=\"af78a73\" data-element_type=\"container\" data-e-type=\"container\">\n\t\t\t\t<div class=\"elementor-element elementor-element-43f82dc elementor-widget elementor-widget-heading\" data-id=\"43f82dc\" data-element_type=\"widget\" data-e-type=\"widget\" data-widget_type=\"heading.default\">\n\t\t\t\t<div class=\"elementor-widget-container\">\n\t\t\t\t\t<h2 class=\"elementor-heading-title elementor-size-default\"> Rural women celebrate life on the river<\/h2>\t\t\t\t<\/div>\n\t\t\t\t<\/div>\n\t\t<div class=\"elementor-element elementor-element-ec20a90 e-con-full e-flex e-con e-child\" data-id=\"ec20a90\" data-element_type=\"container\" data-e-type=\"container\">\n\t\t\t\t<div class=\"elementor-element elementor-element-aacc43d paragraphe elementor-widget elementor-widget-text-editor\" data-id=\"aacc43d\" data-element_type=\"widget\" data-e-type=\"widget\" data-widget_type=\"text-editor.default\">\n\t\t\t\t<div class=\"elementor-widget-container\">\n\t\t\t\t\t\t\t\t\t<p>Since its birth in 2011, the Pan-African movement Nous sommes la solution (NSS) has never failed to meet its deadlines. The dates of October 15 (International Rural Women's Day) and October 16 (World Food Day) have been ticked off NSS's calendar. So, she didn't miss a beat on the 2024 dates, to ring in the mobilization that the rural women of The Gambia magnified. And they were not alone. The commemoration is often an international date for the movement. Arriving with their solutions, the women invited by Catalunya Gambia Foundation (CGF) came from Casamance, Ngaye M\u00e9kh\u00e9 and other parts of Senegal. But also from Guinea Bissau, to magnify the roles they play in food. The theme was \"The right to food for a better life and future\". In front of them, local authorities representing the Gambian government.<\/p><p>The joint celebration of JIFR and JM allows NSS members to have, each year, a strong communion of actors, in order to be able to plead their causes well. Catalunya Gambia Foundation (CGF), the F\u00e9d\u00e9ration Paysanne de Guin\u00e9e Bissau (Kafo), the Association des Jeunes Agriculteurs de la Casamance (AJAC) and the Union des Groupements de Producteurs de M\u00e9kh\u00e9 (UGPM) were all mobilized this year. Gathered in S\u00e9r\u00e9kunda Tallinding South, they sounded the annual reunion, following those of Ngaye M\u00e9kh\u00e9 (Senegal, 2023) where rural women had celebrated to demonstrate that it is they who guarantee their community's food security, improve resistance to climate change and strengthen local economies.<\/p><p>For Ms Mariama Sonko, President of NSS, the changes awaited by the rural world are possible with women, \"because peasant knowledge and know-how enable us to recover our food heritage and our food security, while preserving the environment\". She is convinced that food sovereignty will only come from Africans themselves, who have a duty to \"feed Africa through adapted peasant production systems that take into account the health of the African population and their living environment\". His regrets stem from the fact that, despite pleas, governments have yet to break with policies that reduce dependency on agricultural inputs. It's also a dependence that holds consumers and citizens hostage to imported products, particularly those based on chemicals and Genetically Modified Organisms (GMOs), most of which lead to the appearance of \"new diseases\".<\/p><p>With each edition, these women demonstrate that it is they who, beyond gender inequalities based on discriminatory laws and social norms, combined with a rapidly changing economic, technological and environmental landscape, find themselves prevented from realizing their full potential. Their status as rural women means that they lag far behind men and their urban peers. Nevertheless, the agriculture that motivates them remains the leading employment sector for women in developing countries and in rural areas. Yet the sector is largely informal, with little or no social protection.<\/p><p>For this year 2024, the WFD theme, proposed by Fao and celebrated on October 16, saw reflections on the subject by rural women from the We Are the Solution movement. Above all, they were an opportunity to show how hunger and malnutrition are exacerbated by prolonged crises resulting from a combination of conflict, extreme weather events and economic shocks. Agri-food systems as a whole are thus vulnerable to disasters and crises, particularly the effects of climate change. Worse still, they generate pollution, degrade soil, water and air, and contribute to greenhouse gas emissions and biodiversity loss.<\/p><p>By transforming agri-food systems, reminds Mamadou Danfakha, NSS program manager at Fahamu, \"it is possible to mitigate climate change and support peaceful, resilient and inclusive livelihoods for all\". He notes, \"Unhealthy diets are the main cause of all forms of malnutrition (undernutrition, micronutrient deficiencies and obesity), which exist today in most countries, across all socio-economic classes.\" Yet today, notes the NSS coordinator, \"too many people suffer from hunger and cannot afford healthy diets. The most vulnerable are often forced to fall back on staple or cheaper foods that may be unhealthy, while others suffer from the unavailability of fresh or varied foods, lack the information needed to choose a healthy diet, or simply opt for convenience.\"<\/p><p>During the two-day event in Serekunda, the women reflected on diversity, nutrition, affordability, accessibility and food security \"for the good of all\". The aim of these days was \"to inform and sensitize participants and local authorities on the contribution of rural women to community development\". Panels were organized on the theme of \"the right to healthy food for a better life and future for local communities\", and culinary competitions followed by tastings of dishes made from local produce. This, in addition to cultural events focusing on rural women and themes relating to JIFR and JMA. To cap off the S\u00e9r\u00e9kunda event, there was an exhibition and sale of local processing products, as well as an exhibition and tasting of local products and dishes.<\/p><p>The Gambian authorities were strongly represented at these two days of mobilization and advocacy. These included Mr Mamadou Sabally, Presidential Adviser, Dr Saikou Sanyang, Technical Adviser to the Ministry of Agriculture, Mr Papia Sanyang of the Directorate of Urban Agriculture, Mr Kebba Touray, Chairman of the Agricultural Commission of the Kanifing Municipal Council, and Mr Kinteh, Technical Adviser to the Ministry of Women's Affairs.<\/p>\t\t\t\t\t\t\t\t<\/div>\n\t\t\t\t<\/div>\n\t\t\t\t<div class=\"elementor-element elementor-element-a48866c paragraphe elementor-widget elementor-widget-text-editor\" data-id=\"a48866c\" data-element_type=\"widget\" data-e-type=\"widget\" data-widget_type=\"text-editor.default\">\n\t\t\t\t<div class=\"elementor-widget-container\">\n\t\t\t\t\t\t\t\t\t<p style=\"text-align: right;\"><strong>Tidiane Kass\u00e9 and Mamadou Danfakha<\/strong><\/p>\t\t\t\t\t\t\t\t<\/div>\n\t\t\t\t<\/div>\n\t\t\t\t<\/div>\n\t\t\t\t<\/div>\n\t\t<div class=\"elementor-element elementor-element-7fcb77c e-flex e-con-boxed e-con e-parent\" data-id=\"7fcb77c\" data-element_type=\"container\" data-e-type=\"container\">\n\t\t\t\t\t<div class=\"e-con-inner\">\n\t\t\t\t<div class=\"elementor-element elementor-element-fcb0deb elementor-widget elementor-widget-html\" data-id=\"fcb0deb\" data-element_type=\"widget\" data-e-type=\"widget\" data-widget_type=\"html.default\">\n\t\t\t\t<div class=\"elementor-widget-container\">\n\t\t\t\t\t<div style=\"font-family: 'Fira Mono', monospace; font-size: 14px;\">\r\n    <h4 style=\"font-family: 'Fira Mono', monospace; font-size: 14px; margin-bottom: 10px; color: #333;\">Rural Women's Day with Radio Senegal International (in French)\r\n\r\n\r\n\r\n<\/h4>\r\n    <audio controls>\r\n        <source src=\"http:\/\/wasafrica.org\/wp-content\/uploads\/2024\/10\/INVITE-JOURNEE-RURALE-FR-.mp3\">\r\n        Your browser does not support the audio element.\r\n    <\/audio>\r\n<\/div>\r\n\t\t\t\t<\/div>\n\t\t\t\t<\/div>\n\t\t\t\t<div class=\"elementor-element elementor-element-c05d483 elementor-widget elementor-widget-html\" data-id=\"c05d483\" data-element_type=\"widget\" data-e-type=\"widget\" data-widget_type=\"html.default\">\n\t\t\t\t<div class=\"elementor-widget-container\">\n\t\t\t\t\t<div style=\"font-family: 'Fira Mono', monospace; font-size: 14px;\">\r\n    <h4 style=\"font-family: 'Fira Mono', monospace; font-size: 14px; margin-bottom: 10px; color: #333;\">Rural Women's Day with Radio Senegal International (in Wolof)\r\n\r\n\r\n\r\n<\/h4>\r\n    <audio controls>\r\n        <source src=\"http:\/\/wasafrica.org\/wp-content\/uploads\/2024\/10\/INVITE-JOURNEE-RURALE-WOLOF.mp3\">\r\n        Your browser does not support the audio element.\r\n    <\/audio>\r\n<\/div>\r\n\t\t\t\t<\/div>\n\t\t\t\t<\/div>\n\t\t\t\t<div class=\"elementor-element elementor-element-df18947 elementor-widget elementor-widget-html\" data-id=\"df18947\" data-element_type=\"widget\" data-e-type=\"widget\" data-widget_type=\"html.default\">\n\t\t\t\t<div class=\"elementor-widget-container\">\n\t\t\t\t\t<div style=\"font-family: 'Fira Mono', monospace; font-size: 14px;\">\r\n    <h4 style=\"font-family: 'Fira Mono', monospace; font-size: 14px; margin-bottom: 10px; color: #333;\">Rural Women's Day with Radio Senegal International - portrait of NSS president (in French)\r\n\r\n\r\n\r\n<\/h4>\r\n    <audio controls>\r\n        <source src=\"http:\/\/wasafrica.org\/wp-content\/uploads\/2024\/10\/FEMME-RURALE-FR-.mp3\">\r\n        Your browser does not support the audio element.\r\n    <\/audio>\r\n<\/div>\r\n\t\t\t\t<\/div>\n\t\t\t\t<\/div>\n\t\t\t\t<div class=\"elementor-element elementor-element-d0f4ebd elementor-widget elementor-widget-html\" data-id=\"d0f4ebd\" data-element_type=\"widget\" data-e-type=\"widget\" data-widget_type=\"html.default\">\n\t\t\t\t<div class=\"elementor-widget-container\">\n\t\t\t\t\t<div style=\"font-family: 'Fira Mono', monospace; font-size: 14px;\">\r\n    <h4 style=\"font-family: 'Fira Mono', monospace; font-size: 14px; margin-bottom: 10px; color: #333;\">Rural Women's Day with Radio Senegal International - portrait of NSS president (in Wolof)\r\n\r\n\r\n\r\n<\/h4>\r\n    <audio controls>\r\n        <source src=\"http:\/\/wasafrica.org\/wp-content\/uploads\/2024\/10\/FEMME-RURALE-WOLOF.mp3\">\r\n        Your browser does not support the audio element.\r\n    <\/audio>\r\n<\/div>\r\n\t\t\t\t<\/div>\n\t\t\t\t<\/div>\n\t\t\t\t<div class=\"elementor-element elementor-element-7a4c447 elementor-widget elementor-widget-image\" data-id=\"7a4c447\" data-element_type=\"widget\" data-e-type=\"widget\" data-widget_type=\"image.default\">\n\t\t\t\t<div class=\"elementor-widget-container\">\n\t\t\t\t\t\t\t\t\t\t\t\t\t\t\t<img decoding=\"async\" src=\"http:\/\/wasafrica.org\/wp-content\/uploads\/2024\/10\/Portrait-Mariama-Sonko_-une-figure-de-la-femme-rurale-en-Afrique-de-lOuest-WADR.mp3\" title=\"\" alt=\"\" loading=\"lazy\" \/>\t\t\t\t\t\t\t\t\t\t\t\t\t\t\t<\/div>\n\t\t\t\t<\/div>\n\t\t\t\t\t<\/div>\n\t\t\t\t<\/div>\n\t\t\t\t<\/div>","protected":false},"excerpt":{"rendered":"<p>Rural women celebrate life on the river Since its birth in 2011, the Pan-African movement Nous sommes la solution (NSS) has never failed to deliver. Ticked off [...]<\/p>","protected":false},"author":1,"featured_media":4087,"comment_status":"open","ping_status":"open","sticky":false,"template":"","format":"standard","meta":{"_monsterinsights_skip_tracking":false,"_monsterinsights_sitenote_active":false,"_monsterinsights_sitenote_note":"","_monsterinsights_sitenote_category":0,"footnotes":""},"categories":[37],"tags":[38],"class_list":["post-4058","post","type-post","status-publish","format-standard","has-post-thumbnail","hentry","category-agriculture-durable","tag-agriculture-durable"],"yoast_head":"<!-- This site is optimized with the Yoast SEO Premium plugin v23.7 (Yoast SEO v27.4) - https:\/\/yoast.com\/product\/yoast-seo-premium-wordpress\/ -->\n<title>Agro\u00e9cologie Paysanne Afrique de l\u2019Ouest : Conf\u00e9rence Ouagadougou<\/title>\n<meta name=\"description\" content=\"Les leaders de l\u2019agro\u00e9cologie se sont retrouv\u00e9s \u00e0 Ouagadougou pour \u00e9laborer des strat\u00e9gies communes afin de promouvoir l\u2019agro\u00e9cologie paysanne en Afrique de l\u2019Ouest. Explorez les r\u00e9sultats.\" \/>\n<meta name=\"robots\" content=\"index, follow, max-snippet:-1, max-image-preview:large, max-video-preview:-1\" \/>\n<link rel=\"canonical\" href=\"https:\/\/wadr.org\/fr\/portrait-mariama-sonko-une-figure-de-la-femme-rurale-en-afrique-de-louest\/\" \/>\n<meta property=\"og:locale\" content=\"en_US\" \/>\n<meta property=\"og:type\" content=\"article\" \/>\n<meta property=\"og:title\" content=\"Journee internationale de la femme rurale et journee mondiale de l\u2019alimentation\" \/>\n<meta property=\"og:description\" content=\"Les leaders de l\u2019agro\u00e9cologie se sont retrouv\u00e9s \u00e0 Ouagadougou pour \u00e9laborer des strat\u00e9gies communes afin de promouvoir l\u2019agro\u00e9cologie paysanne en Afrique de l\u2019Ouest. Explorez les r\u00e9sultats.\" \/>\n<meta property=\"og:url\" content=\"https:\/\/wadr.org\/fr\/portrait-mariama-sonko-une-figure-de-la-femme-rurale-en-afrique-de-louest\/\" \/>\n<meta property=\"og:site_name\" content=\"Nous Sommes la solution\" \/>\n<meta property=\"article:published_time\" content=\"2024-10-30T15:30:55+00:00\" \/>\n<meta property=\"article:modified_time\" content=\"2024-11-12T16:20:31+00:00\" \/>\n<meta property=\"og:image\" content=\"http:\/\/wasafrica.org\/wp-content\/uploads\/2024\/10\/JOURNEE-INTERNATIONALE-DE-LA-FEMME-RURALE-ET-DE-LALIMENTATION-2.jpeg\" \/>\n\t<meta property=\"og:image:width\" content=\"1080\" \/>\n\t<meta property=\"og:image:height\" content=\"810\" \/>\n\t<meta property=\"og:image:type\" content=\"image\/jpeg\" \/>\n<meta name=\"author\" content=\"wopallodia92@gmail.com\" \/>\n<meta name=\"twitter:card\" content=\"summary_large_image\" \/>\n<meta name=\"twitter:label1\" content=\"Written by\" \/>\n\t<meta name=\"twitter:data1\" content=\"wopallodia92@gmail.com\" \/>\n\t<meta name=\"twitter:label2\" content=\"Est. reading time\" \/>\n\t<meta name=\"twitter:data2\" content=\"7 minutes\" \/>\n<script type=\"application\/ld+json\" class=\"yoast-schema-graph\">{\"@context\":\"https:\\\/\\\/schema.org\",\"@graph\":[{\"@type\":\"Article\",\"@id\":\"https:\\\/\\\/wadr.org\\\/fr\\\/portrait-mariama-sonko-une-figure-de-la-femme-rurale-en-afrique-de-louest\\\/#article\",\"isPartOf\":{\"@id\":\"http:\\\/\\\/wasafrica.org\\\/en\\\/international-rural-womens-day-and-world-food-day\\\/\"},\"author\":{\"name\":\"wopallodia92@gmail.com\",\"@id\":\"https:\\\/\\\/wasafrica.org\\\/en\\\/#\\\/schema\\\/person\\\/b5e8ea9eb0d088b850db6c1a26bf84d9\"},\"headline\":\"Journee internationale de la femme rurale et journee mondiale de l\u2019alimentation\",\"datePublished\":\"2024-10-30T15:30:55+00:00\",\"dateModified\":\"2024-11-12T16:20:31+00:00\",\"mainEntityOfPage\":{\"@id\":\"http:\\\/\\\/wasafrica.org\\\/en\\\/international-rural-womens-day-and-world-food-day\\\/\"},\"wordCount\":1278,\"commentCount\":0,\"publisher\":{\"@id\":\"https:\\\/\\\/wasafrica.org\\\/en\\\/#organization\"},\"image\":{\"@id\":\"https:\\\/\\\/wadr.org\\\/fr\\\/portrait-mariama-sonko-une-figure-de-la-femme-rurale-en-afrique-de-louest\\\/#primaryimage\"},\"thumbnailUrl\":\"https:\\\/\\\/wasafrica.org\\\/wp-content\\\/uploads\\\/2024\\\/10\\\/JOURNEE-INTERNATIONALE-DE-LA-FEMME-RURALE-ET-DE-LALIMENTATION-2.jpeg\",\"keywords\":[\"Agriculture durable\"],\"articleSection\":[\"Agriculture durable\"],\"inLanguage\":\"en-US\",\"potentialAction\":[{\"@type\":\"CommentAction\",\"name\":\"Comment\",\"target\":[\"https:\\\/\\\/wadr.org\\\/fr\\\/portrait-mariama-sonko-une-figure-de-la-femme-rurale-en-afrique-de-louest\\\/#respond\"]}]},{\"@type\":\"WebPage\",\"@id\":\"http:\\\/\\\/wasafrica.org\\\/en\\\/international-rural-womens-day-and-world-food-day\\\/\",\"url\":\"https:\\\/\\\/wadr.org\\\/fr\\\/portrait-mariama-sonko-une-figure-de-la-femme-rurale-en-afrique-de-louest\\\/\",\"name\":\"Agro\u00e9cologie Paysanne Afrique de l\u2019Ouest : Conf\u00e9rence Ouagadougou\",\"isPartOf\":{\"@id\":\"https:\\\/\\\/wasafrica.org\\\/en\\\/#website\"},\"primaryImageOfPage\":{\"@id\":\"https:\\\/\\\/wadr.org\\\/fr\\\/portrait-mariama-sonko-une-figure-de-la-femme-rurale-en-afrique-de-louest\\\/#primaryimage\"},\"image\":{\"@id\":\"https:\\\/\\\/wadr.org\\\/fr\\\/portrait-mariama-sonko-une-figure-de-la-femme-rurale-en-afrique-de-louest\\\/#primaryimage\"},\"thumbnailUrl\":\"https:\\\/\\\/wasafrica.org\\\/wp-content\\\/uploads\\\/2024\\\/10\\\/JOURNEE-INTERNATIONALE-DE-LA-FEMME-RURALE-ET-DE-LALIMENTATION-2.jpeg\",\"datePublished\":\"2024-10-30T15:30:55+00:00\",\"dateModified\":\"2024-11-12T16:20:31+00:00\",\"description\":\"Les leaders de l\u2019agro\u00e9cologie se sont retrouv\u00e9s \u00e0 Ouagadougou pour \u00e9laborer des strat\u00e9gies communes afin de promouvoir l\u2019agro\u00e9cologie paysanne en Afrique de l\u2019Ouest. Explorez les r\u00e9sultats.\",\"breadcrumb\":{\"@id\":\"https:\\\/\\\/wadr.org\\\/fr\\\/portrait-mariama-sonko-une-figure-de-la-femme-rurale-en-afrique-de-louest\\\/#breadcrumb\"},\"inLanguage\":\"en-US\",\"potentialAction\":[{\"@type\":\"ReadAction\",\"target\":[\"https:\\\/\\\/wadr.org\\\/fr\\\/portrait-mariama-sonko-une-figure-de-la-femme-rurale-en-afrique-de-louest\\\/\"]}]},{\"@type\":\"ImageObject\",\"inLanguage\":\"en-US\",\"@id\":\"https:\\\/\\\/wadr.org\\\/fr\\\/portrait-mariama-sonko-une-figure-de-la-femme-rurale-en-afrique-de-louest\\\/#primaryimage\",\"url\":\"https:\\\/\\\/wasafrica.org\\\/wp-content\\\/uploads\\\/2024\\\/10\\\/JOURNEE-INTERNATIONALE-DE-LA-FEMME-RURALE-ET-DE-LALIMENTATION-2.jpeg\",\"contentUrl\":\"https:\\\/\\\/wasafrica.org\\\/wp-content\\\/uploads\\\/2024\\\/10\\\/JOURNEE-INTERNATIONALE-DE-LA-FEMME-RURALE-ET-DE-LALIMENTATION-2.jpeg\",\"width\":1080,\"height\":810},{\"@type\":\"BreadcrumbList\",\"@id\":\"https:\\\/\\\/wadr.org\\\/fr\\\/portrait-mariama-sonko-une-figure-de-la-femme-rurale-en-afrique-de-louest\\\/#breadcrumb\",\"itemListElement\":[{\"@type\":\"ListItem\",\"position\":1,\"name\":\"Accueil\",\"item\":\"https:\\\/\\\/wasafrica.org\\\/fr\\\/\"},{\"@type\":\"ListItem\",\"position\":2,\"name\":\"Journee internationale de la femme rurale et journee mondiale de l\u2019alimentation\"}]},{\"@type\":\"WebSite\",\"@id\":\"https:\\\/\\\/wasafrica.org\\\/en\\\/#website\",\"url\":\"https:\\\/\\\/wasafrica.org\\\/en\\\/\",\"name\":\"Nous Sommes la solution\",\"description\":\"Mouvement de femmes rurales africaines pour la souverainet\u00e9 alimentaire\",\"publisher\":{\"@id\":\"https:\\\/\\\/wasafrica.org\\\/en\\\/#organization\"},\"potentialAction\":[{\"@type\":\"SearchAction\",\"target\":{\"@type\":\"EntryPoint\",\"urlTemplate\":\"https:\\\/\\\/wasafrica.org\\\/en\\\/?s={search_term_string}\"},\"query-input\":{\"@type\":\"PropertyValueSpecification\",\"valueRequired\":true,\"valueName\":\"search_term_string\"}}],\"inLanguage\":\"en-US\"},{\"@type\":\"Organization\",\"@id\":\"https:\\\/\\\/wasafrica.org\\\/en\\\/#organization\",\"name\":\"Nous Sommes la solution\",\"url\":\"https:\\\/\\\/wasafrica.org\\\/en\\\/\",\"logo\":{\"@type\":\"ImageObject\",\"inLanguage\":\"en-US\",\"@id\":\"https:\\\/\\\/wasafrica.org\\\/en\\\/#\\\/schema\\\/logo\\\/image\\\/\",\"url\":\"https:\\\/\\\/wasafrica.org\\\/wp-content\\\/uploads\\\/2024\\\/08\\\/cropped-Logo-NSS1-1.jpg\",\"contentUrl\":\"https:\\\/\\\/wasafrica.org\\\/wp-content\\\/uploads\\\/2024\\\/08\\\/cropped-Logo-NSS1-1.jpg\",\"width\":261,\"height\":250,\"caption\":\"Nous Sommes la solution\"},\"image\":{\"@id\":\"https:\\\/\\\/wasafrica.org\\\/en\\\/#\\\/schema\\\/logo\\\/image\\\/\"}},{\"@type\":\"Person\",\"@id\":\"https:\\\/\\\/wasafrica.org\\\/en\\\/#\\\/schema\\\/person\\\/b5e8ea9eb0d088b850db6c1a26bf84d9\",\"name\":\"wopallodia92@gmail.com\",\"image\":{\"@type\":\"ImageObject\",\"inLanguage\":\"en-US\",\"@id\":\"https:\\\/\\\/secure.gravatar.com\\\/avatar\\\/16ea70b70a9c79f7c246e0a44f0b5ddf0fe775682b12b7f6fbbf90def925daa6?s=96&d=mm&r=g\",\"url\":\"https:\\\/\\\/secure.gravatar.com\\\/avatar\\\/16ea70b70a9c79f7c246e0a44f0b5ddf0fe775682b12b7f6fbbf90def925daa6?s=96&d=mm&r=g\",\"contentUrl\":\"https:\\\/\\\/secure.gravatar.com\\\/avatar\\\/16ea70b70a9c79f7c246e0a44f0b5ddf0fe775682b12b7f6fbbf90def925daa6?s=96&d=mm&r=g\",\"caption\":\"wopallodia92@gmail.com\"},\"sameAs\":[\"https:\\\/\\\/wasafrica.org\"],\"url\":\"https:\\\/\\\/wasafrica.org\\\/en\\\/author\\\/wopallodia92gmail-com\\\/\"}]}<\/script>\n<!-- \/ Yoast SEO Premium plugin. -->","yoast_head_json":{"title":"Agroecologie Paysanne West Africa: Ouagadougou Conference","description":"Agroecology leaders met in Ouagadougou to develop common strategies to promote peasant agroecology in West Africa. Explore the results.","robots":{"index":"index","follow":"follow","max-snippet":"max-snippet:-1","max-image-preview":"max-image-preview:large","max-video-preview":"max-video-preview:-1"},"canonical":"https:\/\/wadr.org\/fr\/portrait-mariama-sonko-une-figure-de-la-femme-rurale-en-afrique-de-louest\/","og_locale":"en_US","og_type":"article","og_title":"Journee internationale de la femme rurale et journee mondiale de l\u2019alimentation","og_description":"Les leaders de l\u2019agro\u00e9cologie se sont retrouv\u00e9s \u00e0 Ouagadougou pour \u00e9laborer des strat\u00e9gies communes afin de promouvoir l\u2019agro\u00e9cologie paysanne en Afrique de l\u2019Ouest. Explorez les r\u00e9sultats.","og_url":"https:\/\/wadr.org\/fr\/portrait-mariama-sonko-une-figure-de-la-femme-rurale-en-afrique-de-louest\/","og_site_name":"Nous Sommes la solution","article_published_time":"2024-10-30T15:30:55+00:00","article_modified_time":"2024-11-12T16:20:31+00:00","og_image":[{"width":1080,"height":810,"url":"http:\/\/wasafrica.org\/wp-content\/uploads\/2024\/10\/JOURNEE-INTERNATIONALE-DE-LA-FEMME-RURALE-ET-DE-LALIMENTATION-2.jpeg","type":"image\/jpeg"}],"author":"wopallodia92@gmail.com","twitter_card":"summary_large_image","twitter_misc":{"Written by":"wopallodia92@gmail.com","Est. reading time":"7 minutes"},"schema":{"@context":"https:\/\/schema.org","@graph":[{"@type":"Article","@id":"https:\/\/wadr.org\/fr\/portrait-mariama-sonko-une-figure-de-la-femme-rurale-en-afrique-de-louest\/#article","isPartOf":{"@id":"http:\/\/wasafrica.org\/en\/international-rural-womens-day-and-world-food-day\/"},"author":{"name":"wopallodia92@gmail.com","@id":"https:\/\/wasafrica.org\/en\/#\/schema\/person\/b5e8ea9eb0d088b850db6c1a26bf84d9"},"headline":"Journee internationale de la femme rurale et journee mondiale de l\u2019alimentation","datePublished":"2024-10-30T15:30:55+00:00","dateModified":"2024-11-12T16:20:31+00:00","mainEntityOfPage":{"@id":"http:\/\/wasafrica.org\/en\/international-rural-womens-day-and-world-food-day\/"},"wordCount":1278,"commentCount":0,"publisher":{"@id":"https:\/\/wasafrica.org\/en\/#organization"},"image":{"@id":"https:\/\/wadr.org\/fr\/portrait-mariama-sonko-une-figure-de-la-femme-rurale-en-afrique-de-louest\/#primaryimage"},"thumbnailUrl":"https:\/\/wasafrica.org\/wp-content\/uploads\/2024\/10\/JOURNEE-INTERNATIONALE-DE-LA-FEMME-RURALE-ET-DE-LALIMENTATION-2.jpeg","keywords":["Agriculture durable"],"articleSection":["Agriculture durable"],"inLanguage":"en-US","potentialAction":[{"@type":"CommentAction","name":"Comment","target":["https:\/\/wadr.org\/fr\/portrait-mariama-sonko-une-figure-de-la-femme-rurale-en-afrique-de-louest\/#respond"]}]},{"@type":"WebPage","@id":"http:\/\/wasafrica.org\/en\/international-rural-womens-day-and-world-food-day\/","url":"https:\/\/wadr.org\/fr\/portrait-mariama-sonko-une-figure-de-la-femme-rurale-en-afrique-de-louest\/","name":"Agroecologie Paysanne West Africa: Ouagadougou Conference","isPartOf":{"@id":"https:\/\/wasafrica.org\/en\/#website"},"primaryImageOfPage":{"@id":"https:\/\/wadr.org\/fr\/portrait-mariama-sonko-une-figure-de-la-femme-rurale-en-afrique-de-louest\/#primaryimage"},"image":{"@id":"https:\/\/wadr.org\/fr\/portrait-mariama-sonko-une-figure-de-la-femme-rurale-en-afrique-de-louest\/#primaryimage"},"thumbnailUrl":"https:\/\/wasafrica.org\/wp-content\/uploads\/2024\/10\/JOURNEE-INTERNATIONALE-DE-LA-FEMME-RURALE-ET-DE-LALIMENTATION-2.jpeg","datePublished":"2024-10-30T15:30:55+00:00","dateModified":"2024-11-12T16:20:31+00:00","description":"Agroecology leaders met in Ouagadougou to develop common strategies to promote peasant agroecology in West Africa. Explore the results.","breadcrumb":{"@id":"https:\/\/wadr.org\/fr\/portrait-mariama-sonko-une-figure-de-la-femme-rurale-en-afrique-de-louest\/#breadcrumb"},"inLanguage":"en-US","potentialAction":[{"@type":"ReadAction","target":["https:\/\/wadr.org\/fr\/portrait-mariama-sonko-une-figure-de-la-femme-rurale-en-afrique-de-louest\/"]}]},{"@type":"ImageObject","inLanguage":"en-US","@id":"https:\/\/wadr.org\/fr\/portrait-mariama-sonko-une-figure-de-la-femme-rurale-en-afrique-de-louest\/#primaryimage","url":"https:\/\/wasafrica.org\/wp-content\/uploads\/2024\/10\/JOURNEE-INTERNATIONALE-DE-LA-FEMME-RURALE-ET-DE-LALIMENTATION-2.jpeg","contentUrl":"https:\/\/wasafrica.org\/wp-content\/uploads\/2024\/10\/JOURNEE-INTERNATIONALE-DE-LA-FEMME-RURALE-ET-DE-LALIMENTATION-2.jpeg","width":1080,"height":810},{"@type":"BreadcrumbList","@id":"https:\/\/wadr.org\/fr\/portrait-mariama-sonko-une-figure-de-la-femme-rurale-en-afrique-de-louest\/#breadcrumb","itemListElement":[{"@type":"ListItem","position":1,"name":"Accueil","item":"https:\/\/wasafrica.org\/fr\/"},{"@type":"ListItem","position":2,"name":"Journee internationale de la femme rurale et journee mondiale de l\u2019alimentation"}]},{"@type":"WebSite","@id":"https:\/\/wasafrica.org\/en\/#website","url":"https:\/\/wasafrica.org\/en\/","name":"We are the solution","description":"African rural women's movement for food sovereignty","publisher":{"@id":"https:\/\/wasafrica.org\/en\/#organization"},"potentialAction":[{"@type":"SearchAction","target":{"@type":"EntryPoint","urlTemplate":"https:\/\/wasafrica.org\/en\/?s={search_term_string}"},"query-input":{"@type":"PropertyValueSpecification","valueRequired":true,"valueName":"search_term_string"}}],"inLanguage":"en-US"},{"@type":"Organization","@id":"https:\/\/wasafrica.org\/en\/#organization","name":"We are the solution","url":"https:\/\/wasafrica.org\/en\/","logo":{"@type":"ImageObject","inLanguage":"en-US","@id":"https:\/\/wasafrica.org\/en\/#\/schema\/logo\/image\/","url":"https:\/\/wasafrica.org\/wp-content\/uploads\/2024\/08\/cropped-Logo-NSS1-1.jpg","contentUrl":"https:\/\/wasafrica.org\/wp-content\/uploads\/2024\/08\/cropped-Logo-NSS1-1.jpg","width":261,"height":250,"caption":"Nous Sommes la solution"},"image":{"@id":"https:\/\/wasafrica.org\/en\/#\/schema\/logo\/image\/"}},{"@type":"Person","@id":"https:\/\/wasafrica.org\/en\/#\/schema\/person\/b5e8ea9eb0d088b850db6c1a26bf84d9","name":"wopallodia92@gmail.com","image":{"@type":"ImageObject","inLanguage":"en-US","@id":"https:\/\/secure.gravatar.com\/avatar\/16ea70b70a9c79f7c246e0a44f0b5ddf0fe775682b12b7f6fbbf90def925daa6?s=96&d=mm&r=g","url":"https:\/\/secure.gravatar.com\/avatar\/16ea70b70a9c79f7c246e0a44f0b5ddf0fe775682b12b7f6fbbf90def925daa6?s=96&d=mm&r=g","contentUrl":"https:\/\/secure.gravatar.com\/avatar\/16ea70b70a9c79f7c246e0a44f0b5ddf0fe775682b12b7f6fbbf90def925daa6?s=96&d=mm&r=g","caption":"wopallodia92@gmail.com"},"sameAs":["https:\/\/wasafrica.org"],"url":"https:\/\/wasafrica.org\/en\/author\/wopallodia92gmail-com\/"}]}},"_links":{"self":[{"href":"https:\/\/wasafrica.org\/en\/wp-json\/wp\/v2\/posts\/4058","targetHints":{"allow":["GET"]}}],"collection":[{"href":"https:\/\/wasafrica.org\/en\/wp-json\/wp\/v2\/posts"}],"about":[{"href":"https:\/\/wasafrica.org\/en\/wp-json\/wp\/v2\/types\/post"}],"author":[{"embeddable":true,"href":"https:\/\/wasafrica.org\/en\/wp-json\/wp\/v2\/users\/1"}],"replies":[{"embeddable":true,"href":"https:\/\/wasafrica.org\/en\/wp-json\/wp\/v2\/comments?post=4058"}],"version-history":[{"count":60,"href":"https:\/\/wasafrica.org\/en\/wp-json\/wp\/v2\/posts\/4058\/revisions"}],"predecessor-version":[{"id":4271,"href":"https:\/\/wasafrica.org\/en\/wp-json\/wp\/v2\/posts\/4058\/revisions\/4271"}],"wp:featuredmedia":[{"embeddable":true,"href":"https:\/\/wasafrica.org\/en\/wp-json\/wp\/v2\/media\/4087"}],"wp:attachment":[{"href":"https:\/\/wasafrica.org\/en\/wp-json\/wp\/v2\/media?parent=4058"}],"wp:term":[{"taxonomy":"category","embeddable":true,"href":"https:\/\/wasafrica.org\/en\/wp-json\/wp\/v2\/categories?post=4058"},{"taxonomy":"post_tag","embeddable":true,"href":"https:\/\/wasafrica.org\/en\/wp-json\/wp\/v2\/tags?post=4058"}],"curies":[{"name":"wp","href":"https:\/\/api.w.org\/{rel}","templated":true}]}}